
{"id":98615,"date":"2021-12-01T21:09:14","date_gmt":"2021-12-02T00:09:14","guid":{"rendered":"https:\/\/www.sudoestehoje.com.br\/novoportal\/?p=98615"},"modified":"2021-12-01T21:09:14","modified_gmt":"2021-12-02T00:09:14","slug":"senado-aprova-nome-de-andre-mendonca-para-ocupar-vaga-no-supremo","status":"publish","type":"post","link":"https:\/\/www.sudoestehoje.com.br\/novoportal\/2021\/12\/01\/senado-aprova-nome-de-andre-mendonca-para-ocupar-vaga-no-supremo\/","title":{"rendered":"SENADO APROVA NOME DE ANDR\u00c9 MENDON\u00c7A PARA OCUPAR VAGA NO SUPREMO"},"content":{"rendered":"<p><a href=\"https:\/\/www.sudoestehoje.com.br\/novoportal\/wp-content\/uploads\/2021\/12\/andre-20mendonca001.jpg\"><img loading=\"lazy\" decoding=\"async\" class=\"aligncenter size-medium wp-image-98617\" src=\"https:\/\/www.sudoestehoje.com.br\/novoportal\/wp-content\/uploads\/2021\/12\/andre-20mendonca001-500x297.jpg\" alt=\"\" width=\"500\" height=\"297\" srcset=\"https:\/\/www.sudoestehoje.com.br\/novoportal\/wp-content\/uploads\/2021\/12\/andre-20mendonca001-500x297.jpg 500w, https:\/\/www.sudoestehoje.com.br\/novoportal\/wp-content\/uploads\/2021\/12\/andre-20mendonca001-700x416.jpg 700w, https:\/\/www.sudoestehoje.com.br\/novoportal\/wp-content\/uploads\/2021\/12\/andre-20mendonca001-768x456.jpg 768w, https:\/\/www.sudoestehoje.com.br\/novoportal\/wp-content\/uploads\/2021\/12\/andre-20mendonca001.jpg 924w\" sizes=\"auto, (max-width: 500px) 100vw, 500px\" \/><\/a><\/p>\n<p>O Plen\u00e1rio do Senado aprovou, nesta quarta-feira (1\u00ba), o nome de Andr\u00e9 Mendon\u00e7a para ocupar o cargo de ministro do Supremo Tribunal Federal (STF). Foram 47 votos a favor, seis al\u00e9m do m\u00ednimo necess\u00e1rio, e 32 contr\u00e1rios. Mais cedo, Andr\u00e9 Mendon\u00e7a teve seu nome <a href=\"https:\/\/www12.senado.leg.br\/noticias\/materias\/ao-vivo\/senado-analisa-indicacao-para-ministro-do-stf\/#portinho-e-bolsonaro-destacam-principios-religiosos-de-mendonca\">aprovado em sabatina<\/a> na Comiss\u00e3o de Constitui\u00e7\u00e3o e Justi\u00e7a (CCJ), em uma reuni\u00e3o que durou cerca de oito horas.<\/p>\n<p>A relatora da indica\u00e7\u00e3o na CCJ, senadora Eliziane Gama (Cidadania-MA), defendeu a capacidade t\u00e9cnica do indicado. Ela reconheceu que a indica\u00e7\u00e3o veio carregada de pol\u00eamica e discuss\u00e3o, principalmente por conta do aspecto religioso. A senadora disse, por\u00e9m, que ningu\u00e9m pode ser vetado por sua condi\u00e7\u00e3o religiosa e afirmou que n\u00e3o foi esse o crit\u00e9rio para sua indica\u00e7\u00e3o.<\/p>\n<p>\u2014 \u00c9 uma vota\u00e7\u00e3o simb\u00f3lica para o Brasil. [Andr\u00e9 Mendon\u00e7a] \u00e9 um servidor federal, com muita dedica\u00e7\u00e3o ao servi\u00e7o p\u00fablico. Mendon\u00e7a tem todas as condi\u00e7\u00f5es t\u00e9cnicas de ser ministro do STF<\/p>\n<p>Fonte: Ag\u00eancia Senado<\/p>\n","protected":false},"excerpt":{"rendered":"<p>O Plen\u00e1rio do Senado aprovou, nesta quarta-feira (1\u00ba), o nome de Andr\u00e9 Mendon\u00e7a para ocupar o cargo de ministro do Supremo Tribunal Federal (STF). Foram 47 votos a favor, seis al\u00e9m do m\u00ednimo necess\u00e1rio, e 32 contr\u00e1rios. Mais cedo, Andr\u00e9 Mendon\u00e7a teve seu nome aprovado em sabatina na Comiss\u00e3o de Constitui\u00e7\u00e3o e Justi\u00e7a (CCJ), em [&hellip;]<\/p>\n","protected":false},"author":2,"featured_media":98617,"comment_status":"open","ping_status":"open","sticky":false,"template":"","format":"standard","meta":{"footnotes":"","_links_to":"","_links_to_target":""},"categories":[1],"tags":[],"class_list":["post-98615","post","type-post","status-publish","format-standard","has-post-thumbnail","hentry","category-geral"],"views":997,"_links":{"self":[{"href":"https:\/\/www.sudoestehoje.com.br\/novoportal\/wp-json\/wp\/v2\/posts\/98615","targetHints":{"allow":["GET"]}}],"collection":[{"href":"https:\/\/www.sudoestehoje.com.br\/novoportal\/wp-json\/wp\/v2\/posts"}],"about":[{"href":"https:\/\/www.sudoestehoje.com.br\/novoportal\/wp-json\/wp\/v2\/types\/post"}],"author":[{"embeddable":true,"href":"https:\/\/www.sudoestehoje.com.br\/novoportal\/wp-json\/wp\/v2\/users\/2"}],"replies":[{"embeddable":true,"href":"https:\/\/www.sudoestehoje.com.br\/novoportal\/wp-json\/wp\/v2\/comments?post=98615"}],"version-history":[{"count":2,"href":"https:\/\/www.sudoestehoje.com.br\/novoportal\/wp-json\/wp\/v2\/posts\/98615\/revisions"}],"predecessor-version":[{"id":98618,"href":"https:\/\/www.sudoestehoje.com.br\/novoportal\/wp-json\/wp\/v2\/posts\/98615\/revisions\/98618"}],"wp:featuredmedia":[{"embeddable":true,"href":"https:\/\/www.sudoestehoje.com.br\/novoportal\/wp-json\/wp\/v2\/media\/98617"}],"wp:attachment":[{"href":"https:\/\/www.sudoestehoje.com.br\/novoportal\/wp-json\/wp\/v2\/media?parent=98615"}],"wp:term":[{"taxonomy":"category","embeddable":true,"href":"https:\/\/www.sudoestehoje.com.br\/novoportal\/wp-json\/wp\/v2\/categories?post=98615"},{"taxonomy":"post_tag","embeddable":true,"href":"https:\/\/www.sudoestehoje.com.br\/novoportal\/wp-json\/wp\/v2\/tags?post=98615"}],"curies":[{"name":"wp","href":"https:\/\/api.w.org\/{rel}","templated":true}]}}