
{"id":98602,"date":"2021-12-01T13:04:30","date_gmt":"2021-12-01T16:04:30","guid":{"rendered":"https:\/\/www.sudoestehoje.com.br\/novoportal\/?p=98602"},"modified":"2021-12-01T13:04:30","modified_gmt":"2021-12-01T16:04:30","slug":"camara-federal-aprova-criacao-do-crime-de-injuria-racial-coletiva","status":"publish","type":"post","link":"https:\/\/www.sudoestehoje.com.br\/novoportal\/2021\/12\/01\/camara-federal-aprova-criacao-do-crime-de-injuria-racial-coletiva\/","title":{"rendered":"C\u00c2MARA FEDERAL APROVA CRIA\u00c7\u00c3O DO CRIME DE INJ\u00daRIA RACIAL COLETIVA"},"content":{"rendered":"<p><a href=\"https:\/\/www.sudoestehoje.com.br\/novoportal\/wp-content\/uploads\/2021\/12\/WhatsApp-Image-2021-12-01-at-09.47.53.jpeg\"><img loading=\"lazy\" decoding=\"async\" class=\"aligncenter size-medium wp-image-98604\" src=\"https:\/\/www.sudoestehoje.com.br\/novoportal\/wp-content\/uploads\/2021\/12\/WhatsApp-Image-2021-12-01-at-09.47.53-500x252.jpeg\" alt=\"\" width=\"500\" height=\"252\" srcset=\"https:\/\/www.sudoestehoje.com.br\/novoportal\/wp-content\/uploads\/2021\/12\/WhatsApp-Image-2021-12-01-at-09.47.53-500x252.jpeg 500w, https:\/\/www.sudoestehoje.com.br\/novoportal\/wp-content\/uploads\/2021\/12\/WhatsApp-Image-2021-12-01-at-09.47.53-700x353.jpeg 700w, https:\/\/www.sudoestehoje.com.br\/novoportal\/wp-content\/uploads\/2021\/12\/WhatsApp-Image-2021-12-01-at-09.47.53-768x387.jpeg 768w, https:\/\/www.sudoestehoje.com.br\/novoportal\/wp-content\/uploads\/2021\/12\/WhatsApp-Image-2021-12-01-at-09.47.53.jpeg 1080w\" sizes=\"auto, (max-width: 500px) 100vw, 500px\" \/><\/a><\/p>\n<p>A C\u00e2mara dos Deputados aprovou ontem, por 358 votos a 17, o projeto de lei que torna crime a inj\u00faria racial coletiva. A mat\u00e9ria \u00e9 de autoria da deputada Tia Eron (Republicanos-BA) e do ex-deputado Bebeto Galv\u00e3o (PSB), com a relatoria do tamb\u00e9m deputado baiano Antonio Brito, l\u00edder da bancada do PSD.<\/p>\n<p>O tipo ficar\u00e1 configurado quando forem feitos xingamentos relacionados a ra\u00e7a ou etnia em locais p\u00fablicos ou em estabelecimentos privados abertos ao p\u00fablico.\u00a0Segundo o texto, a pena \u00e9 de pris\u00e3o de 2 a 5 anos e multa.<\/p>\n<p>No substitutivo, Brito optou por incluir a mudan\u00e7a apenas na Lei de Preconceito Racial, sem mexer no C\u00f3digo Penal. O relator argumentou que a proposta de tornar incondicionada a abertura da a\u00e7\u00e3o j\u00e1 \u00e9 o padr\u00e3o da legisla\u00e7\u00e3o, n\u00e3o havendo necessidade de especificar isso no texto. A mat\u00e9ria segue agora para o Senado.<\/p>\n","protected":false},"excerpt":{"rendered":"<p>A C\u00e2mara dos Deputados aprovou ontem, por 358 votos a 17, o projeto de lei que torna crime a inj\u00faria racial coletiva. A mat\u00e9ria \u00e9 de autoria da deputada Tia Eron (Republicanos-BA) e do ex-deputado Bebeto Galv\u00e3o (PSB), com a relatoria do tamb\u00e9m deputado baiano Antonio Brito, l\u00edder da bancada do PSD. O tipo ficar\u00e1 [&hellip;]<\/p>\n","protected":false},"author":2,"featured_media":98604,"comment_status":"open","ping_status":"open","sticky":false,"template":"","format":"standard","meta":{"footnotes":"","_links_to":"","_links_to_target":""},"categories":[1],"tags":[],"class_list":["post-98602","post","type-post","status-publish","format-standard","has-post-thumbnail","hentry","category-geral"],"views":908,"_links":{"self":[{"href":"https:\/\/www.sudoestehoje.com.br\/novoportal\/wp-json\/wp\/v2\/posts\/98602","targetHints":{"allow":["GET"]}}],"collection":[{"href":"https:\/\/www.sudoestehoje.com.br\/novoportal\/wp-json\/wp\/v2\/posts"}],"about":[{"href":"https:\/\/www.sudoestehoje.com.br\/novoportal\/wp-json\/wp\/v2\/types\/post"}],"author":[{"embeddable":true,"href":"https:\/\/www.sudoestehoje.com.br\/novoportal\/wp-json\/wp\/v2\/users\/2"}],"replies":[{"embeddable":true,"href":"https:\/\/www.sudoestehoje.com.br\/novoportal\/wp-json\/wp\/v2\/comments?post=98602"}],"version-history":[{"count":2,"href":"https:\/\/www.sudoestehoje.com.br\/novoportal\/wp-json\/wp\/v2\/posts\/98602\/revisions"}],"predecessor-version":[{"id":98605,"href":"https:\/\/www.sudoestehoje.com.br\/novoportal\/wp-json\/wp\/v2\/posts\/98602\/revisions\/98605"}],"wp:featuredmedia":[{"embeddable":true,"href":"https:\/\/www.sudoestehoje.com.br\/novoportal\/wp-json\/wp\/v2\/media\/98604"}],"wp:attachment":[{"href":"https:\/\/www.sudoestehoje.com.br\/novoportal\/wp-json\/wp\/v2\/media?parent=98602"}],"wp:term":[{"taxonomy":"category","embeddable":true,"href":"https:\/\/www.sudoestehoje.com.br\/novoportal\/wp-json\/wp\/v2\/categories?post=98602"},{"taxonomy":"post_tag","embeddable":true,"href":"https:\/\/www.sudoestehoje.com.br\/novoportal\/wp-json\/wp\/v2\/tags?post=98602"}],"curies":[{"name":"wp","href":"https:\/\/api.w.org\/{rel}","templated":true}]}}