
{"id":98599,"date":"2021-12-01T09:02:19","date_gmt":"2021-12-01T12:02:19","guid":{"rendered":"https:\/\/www.sudoestehoje.com.br\/novoportal\/?p=98599"},"modified":"2021-12-01T09:02:19","modified_gmt":"2021-12-01T12:02:19","slug":"ilheus-menina-de-12-anos-cai-e-morre-ao-tentar-resgatar-gato-no-telhado","status":"publish","type":"post","link":"https:\/\/www.sudoestehoje.com.br\/novoportal\/2021\/12\/01\/ilheus-menina-de-12-anos-cai-e-morre-ao-tentar-resgatar-gato-no-telhado\/","title":{"rendered":"ILH\u00c9US: MENINA DE 12 ANOS CAI E MORRE AO TENTAR RESGATAR GATO NO TELHADO"},"content":{"rendered":"<div class=\"mc-column content-text active-extra-styles \" data-block-type=\"unstyled\" data-block-weight=\"44\" data-block-id=\"2\">\n<p data-track-category=\"Link no Texto\" data-track-links=\"\"><a href=\"https:\/\/www.sudoestehoje.com.br\/novoportal\/wp-content\/uploads\/2021\/12\/whatsapp-image-2021-11-30-at-19.37.16.jpeg\"><img loading=\"lazy\" decoding=\"async\" class=\"aligncenter size-medium wp-image-98600\" src=\"https:\/\/www.sudoestehoje.com.br\/novoportal\/wp-content\/uploads\/2021\/12\/whatsapp-image-2021-11-30-at-19.37.16-500x556.jpeg\" alt=\"\" width=\"500\" height=\"556\" srcset=\"https:\/\/www.sudoestehoje.com.br\/novoportal\/wp-content\/uploads\/2021\/12\/whatsapp-image-2021-11-30-at-19.37.16-500x556.jpeg 500w, https:\/\/www.sudoestehoje.com.br\/novoportal\/wp-content\/uploads\/2021\/12\/whatsapp-image-2021-11-30-at-19.37.16-700x778.jpeg 700w, https:\/\/www.sudoestehoje.com.br\/novoportal\/wp-content\/uploads\/2021\/12\/whatsapp-image-2021-11-30-at-19.37.16-768x854.jpeg 768w, https:\/\/www.sudoestehoje.com.br\/novoportal\/wp-content\/uploads\/2021\/12\/whatsapp-image-2021-11-30-at-19.37.16.jpeg 984w\" sizes=\"auto, (max-width: 500px) 100vw, 500px\" \/><\/a><\/p>\n<p class=\"content-text__container \" data-track-category=\"Link no Texto\" data-track-links=\"\">Uma menina de 12 anos morreu ap\u00f3s cair do telhado da casa da vizinha em Ilh\u00e9us, no bairro Nossa Senhora da Vit\u00f3ria, na tarde desta ter\u00e7a-feira (30). De acordo com familiares, Isabele da Silva Ramos havia escalado o local para resgatar um gato.<\/p>\n<\/div>\n<div class=\"wall protected-content\">\n<div class=\"mc-column content-text active-extra-styles \" data-block-type=\"unstyled\" data-block-weight=\"35\" data-block-id=\"3\">\n<p class=\"content-text__container \" data-track-category=\"Link no Texto\" data-track-links=\"\">A menina havia encontrado o animal na rua durante a manh\u00e3 desta ter\u00e7a-feira (30). Ela o levou para casa, mas o gato acabou fugindo durante a chuva que caiu na cidade durante a tarde.<\/p>\n<\/div>\n<div class=\"mc-column content-text active-extra-styles \" data-block-type=\"unstyled\" data-block-weight=\"41\" data-block-id=\"4\">\n<p class=\"content-text__container \" data-track-category=\"Link no Texto\" data-track-links=\"\">Ap\u00f3s perceber que o animal estava no telhado da vizinha, a crian\u00e7a chegou a pedir uma escada para acessar o local. A dona do im\u00f3vel onde o gato havia se escondido, negou o pedido e solicitou que Isabele voltasse para casa.<\/p>\n<div class=\"mc-column content-text active-extra-styles \" data-block-type=\"unstyled\" data-block-weight=\"21\" data-block-id=\"7\">\n<p class=\"content-text__container \" data-track-category=\"Link no Texto\" data-track-links=\"\">No entanto, a menina decidiu pular da laje da pr\u00f3pria resid\u00eancia para acessar o telhado e caiu no quarto do vizinho.<\/p>\n<\/div>\n<div class=\"mc-column content-text active-extra-styles \" data-block-type=\"unstyled\" data-block-weight=\"29\" data-block-id=\"8\">\n<p class=\"content-text__container \" data-track-category=\"Link no Texto\" data-track-links=\"\">Ap\u00f3s a queda, Isabele chegou a ser socorrida e levada para o Hospital Costa do Cacau, mas n\u00e3o resistiu. O corpo foi levado para o departamento de pol\u00edcia t\u00e9cnica.<\/p>\n<\/div>\n<\/div>\n<\/div>\n","protected":false},"excerpt":{"rendered":"<p>Uma menina de 12 anos morreu ap\u00f3s cair do telhado da casa da vizinha em Ilh\u00e9us, no bairro Nossa Senhora da Vit\u00f3ria, na tarde desta ter\u00e7a-feira (30). De acordo com familiares, Isabele da Silva Ramos havia escalado o local para resgatar um gato. A menina havia encontrado o animal na rua durante a manh\u00e3 desta [&hellip;]<\/p>\n","protected":false},"author":2,"featured_media":98600,"comment_status":"open","ping_status":"open","sticky":false,"template":"","format":"standard","meta":{"footnotes":"","_links_to":"","_links_to_target":""},"categories":[1],"tags":[],"class_list":["post-98599","post","type-post","status-publish","format-standard","has-post-thumbnail","hentry","category-geral"],"views":846,"_links":{"self":[{"href":"https:\/\/www.sudoestehoje.com.br\/novoportal\/wp-json\/wp\/v2\/posts\/98599","targetHints":{"allow":["GET"]}}],"collection":[{"href":"https:\/\/www.sudoestehoje.com.br\/novoportal\/wp-json\/wp\/v2\/posts"}],"about":[{"href":"https:\/\/www.sudoestehoje.com.br\/novoportal\/wp-json\/wp\/v2\/types\/post"}],"author":[{"embeddable":true,"href":"https:\/\/www.sudoestehoje.com.br\/novoportal\/wp-json\/wp\/v2\/users\/2"}],"replies":[{"embeddable":true,"href":"https:\/\/www.sudoestehoje.com.br\/novoportal\/wp-json\/wp\/v2\/comments?post=98599"}],"version-history":[{"count":1,"href":"https:\/\/www.sudoestehoje.com.br\/novoportal\/wp-json\/wp\/v2\/posts\/98599\/revisions"}],"predecessor-version":[{"id":98601,"href":"https:\/\/www.sudoestehoje.com.br\/novoportal\/wp-json\/wp\/v2\/posts\/98599\/revisions\/98601"}],"wp:featuredmedia":[{"embeddable":true,"href":"https:\/\/www.sudoestehoje.com.br\/novoportal\/wp-json\/wp\/v2\/media\/98600"}],"wp:attachment":[{"href":"https:\/\/www.sudoestehoje.com.br\/novoportal\/wp-json\/wp\/v2\/media?parent=98599"}],"wp:term":[{"taxonomy":"category","embeddable":true,"href":"https:\/\/www.sudoestehoje.com.br\/novoportal\/wp-json\/wp\/v2\/categories?post=98599"},{"taxonomy":"post_tag","embeddable":true,"href":"https:\/\/www.sudoestehoje.com.br\/novoportal\/wp-json\/wp\/v2\/tags?post=98599"}],"curies":[{"name":"wp","href":"https:\/\/api.w.org\/{rel}","templated":true}]}}