
{"id":98592,"date":"2021-12-01T08:51:40","date_gmt":"2021-12-01T11:51:40","guid":{"rendered":"https:\/\/www.sudoestehoje.com.br\/novoportal\/?p=98592"},"modified":"2021-12-01T08:51:40","modified_gmt":"2021-12-01T11:51:40","slug":"comprovante-de-vacina-sera-exigido-para-acesso-a-orgaos-publicos-do-estado-a-partir-desta-quarta","status":"publish","type":"post","link":"https:\/\/www.sudoestehoje.com.br\/novoportal\/2021\/12\/01\/comprovante-de-vacina-sera-exigido-para-acesso-a-orgaos-publicos-do-estado-a-partir-desta-quarta\/","title":{"rendered":"COMPROVANTE DE VACINA SER\u00c1 EXIGIDO PARA ACESSO A \u00d3RG\u00c3OS P\u00daBLICOS DO ESTADO A PARTIR DESTA QUARTA"},"content":{"rendered":"<p><a href=\"https:\/\/www.sudoestehoje.com.br\/novoportal\/wp-content\/uploads\/2021\/12\/PONTO-SAC.jpg\"><img loading=\"lazy\" decoding=\"async\" class=\"aligncenter size-medium wp-image-98595\" src=\"https:\/\/www.sudoestehoje.com.br\/novoportal\/wp-content\/uploads\/2021\/12\/PONTO-SAC-500x282.jpg\" alt=\"\" width=\"500\" height=\"282\" srcset=\"https:\/\/www.sudoestehoje.com.br\/novoportal\/wp-content\/uploads\/2021\/12\/PONTO-SAC-500x282.jpg 500w, https:\/\/www.sudoestehoje.com.br\/novoportal\/wp-content\/uploads\/2021\/12\/PONTO-SAC.jpg 600w\" sizes=\"auto, (max-width: 500px) 100vw, 500px\" \/><\/a><\/p>\n<p>A partir desta quarta-feira (1), o comprovante de vacina contra a Covid-19 ser\u00e1 uma exig\u00eancia para quem deseja ter acesso a servi\u00e7os p\u00fablicos prestados pelo estado da Bahia. A medida valer\u00e1 para a visita\u00e7\u00e3o social \u00e0s unidades de sa\u00fade, \u00e0s unidades prisionais, al\u00e9m de servi\u00e7os de atendimento p\u00fablico.<\/p>\n<p>O decreto publicado no \u00faltimo dia 20, e que passa a valer nesta quarta, anuncia que ser\u00e1 preciso a apresenta\u00e7\u00e3o do documento fornecido no momento da imuniza\u00e7\u00e3o ou do Certificado Covid, obtido por meio do aplicativo \u2018Conecte SUS\u2019, do Minist\u00e9rio da Sa\u00fade.<\/p>\n<p>Os atendimentos presenciais no Departamento Estadual de Tr\u00e2nsito (Detran) e no Servi\u00e7o de Atendimento ao Cidad\u00e3o (SAC) tamb\u00e9m s\u00e3o parte dos servi\u00e7os que exigir\u00e3o o comprovante.<\/p>\n<p>Segundo a Casa Civil do Governo do Estado, a medida vale para todas as unidades de sa\u00fade do estado.<\/p>\n","protected":false},"excerpt":{"rendered":"<p>A partir desta quarta-feira (1), o comprovante de vacina contra a Covid-19 ser\u00e1 uma exig\u00eancia para quem deseja ter acesso a servi\u00e7os p\u00fablicos prestados pelo estado da Bahia. A medida valer\u00e1 para a visita\u00e7\u00e3o social \u00e0s unidades de sa\u00fade, \u00e0s unidades prisionais, al\u00e9m de servi\u00e7os de atendimento p\u00fablico. O decreto publicado no \u00faltimo dia 20, [&hellip;]<\/p>\n","protected":false},"author":2,"featured_media":98595,"comment_status":"open","ping_status":"open","sticky":false,"template":"","format":"standard","meta":{"footnotes":"","_links_to":"","_links_to_target":""},"categories":[1],"tags":[],"class_list":["post-98592","post","type-post","status-publish","format-standard","has-post-thumbnail","hentry","category-geral"],"views":929,"_links":{"self":[{"href":"https:\/\/www.sudoestehoje.com.br\/novoportal\/wp-json\/wp\/v2\/posts\/98592","targetHints":{"allow":["GET"]}}],"collection":[{"href":"https:\/\/www.sudoestehoje.com.br\/novoportal\/wp-json\/wp\/v2\/posts"}],"about":[{"href":"https:\/\/www.sudoestehoje.com.br\/novoportal\/wp-json\/wp\/v2\/types\/post"}],"author":[{"embeddable":true,"href":"https:\/\/www.sudoestehoje.com.br\/novoportal\/wp-json\/wp\/v2\/users\/2"}],"replies":[{"embeddable":true,"href":"https:\/\/www.sudoestehoje.com.br\/novoportal\/wp-json\/wp\/v2\/comments?post=98592"}],"version-history":[{"count":5,"href":"https:\/\/www.sudoestehoje.com.br\/novoportal\/wp-json\/wp\/v2\/posts\/98592\/revisions"}],"predecessor-version":[{"id":98598,"href":"https:\/\/www.sudoestehoje.com.br\/novoportal\/wp-json\/wp\/v2\/posts\/98592\/revisions\/98598"}],"wp:featuredmedia":[{"embeddable":true,"href":"https:\/\/www.sudoestehoje.com.br\/novoportal\/wp-json\/wp\/v2\/media\/98595"}],"wp:attachment":[{"href":"https:\/\/www.sudoestehoje.com.br\/novoportal\/wp-json\/wp\/v2\/media?parent=98592"}],"wp:term":[{"taxonomy":"category","embeddable":true,"href":"https:\/\/www.sudoestehoje.com.br\/novoportal\/wp-json\/wp\/v2\/categories?post=98592"},{"taxonomy":"post_tag","embeddable":true,"href":"https:\/\/www.sudoestehoje.com.br\/novoportal\/wp-json\/wp\/v2\/tags?post=98592"}],"curies":[{"name":"wp","href":"https:\/\/api.w.org\/{rel}","templated":true}]}}