
{"id":97941,"date":"2021-10-28T12:00:03","date_gmt":"2021-10-28T15:00:03","guid":{"rendered":"https:\/\/www.sudoestehoje.com.br\/novoportal\/?p=97941"},"modified":"2021-10-28T12:00:03","modified_gmt":"2021-10-28T15:00:03","slug":"empreendedorismo-prefeitura-leva-projeto-vem-ser-mei-aos-bairros-de-itapetinga","status":"publish","type":"post","link":"https:\/\/www.sudoestehoje.com.br\/novoportal\/2021\/10\/28\/empreendedorismo-prefeitura-leva-projeto-vem-ser-mei-aos-bairros-de-itapetinga\/","title":{"rendered":"EMPREENDEDORISMO: PREFEITURA LEVA PROJETO &#8216;VEM SER MEI&#8217; AOS BAIRROS DE ITAPETINGA"},"content":{"rendered":"<p><a href=\"https:\/\/www.sudoestehoje.com.br\/novoportal\/wp-content\/uploads\/2021\/10\/WhatsApp-Image-2021-10-28-at-11.52.02.jpeg\"><img loading=\"lazy\" decoding=\"async\" class=\"aligncenter size-medium wp-image-97944\" src=\"https:\/\/www.sudoestehoje.com.br\/novoportal\/wp-content\/uploads\/2021\/10\/WhatsApp-Image-2021-10-28-at-11.52.02-500x357.jpeg\" alt=\"\" width=\"500\" height=\"357\" srcset=\"https:\/\/www.sudoestehoje.com.br\/novoportal\/wp-content\/uploads\/2021\/10\/WhatsApp-Image-2021-10-28-at-11.52.02-500x357.jpeg 500w, https:\/\/www.sudoestehoje.com.br\/novoportal\/wp-content\/uploads\/2021\/10\/WhatsApp-Image-2021-10-28-at-11.52.02-700x499.jpeg 700w, https:\/\/www.sudoestehoje.com.br\/novoportal\/wp-content\/uploads\/2021\/10\/WhatsApp-Image-2021-10-28-at-11.52.02-768x548.jpeg 768w, https:\/\/www.sudoestehoje.com.br\/novoportal\/wp-content\/uploads\/2021\/10\/WhatsApp-Image-2021-10-28-at-11.52.02-1536x1095.jpeg 1536w, https:\/\/www.sudoestehoje.com.br\/novoportal\/wp-content\/uploads\/2021\/10\/WhatsApp-Image-2021-10-28-at-11.52.02.jpeg 1600w\" sizes=\"auto, (max-width: 500px) 100vw, 500px\" \/><\/a><\/p>\n<p>Nesta sexta-feira, 29, a prefeitura de Itapetinga vai lan\u00e7ar, durante a Feira de Artesanato, o projeto<strong> Vem Ser MEI, <\/strong>numa iniciativa da<strong> Secretaria Municipal de Planejamento e CrediBahia.<\/strong><\/p>\n<p>O objetivo do projeto \u00e9 fomentar o empreendedorismo, levar at\u00e9 \u00e0 popula\u00e7\u00e3o informa\u00e7\u00e3o sobre os benef\u00edcios de ser um microempreendedor e formalizar neg\u00f3cios de forma r\u00e1pida, segura e sem burocracia.<\/p>\n<p>Podem ser MEI todos aqueles que t\u00eam um pequeno neg\u00f3cio com um ou nenhum funcion\u00e1rio, que fature, no m\u00e1ximo, R$ 6.750,00 por m\u00eas e n\u00e3o sejam s\u00f3cios de nenhum outro empreendimento.<\/p>\n<p>Entre os benef\u00edcios da formaliza\u00e7\u00e3o est\u00e3o a cobertura previdenci\u00e1ria, emiss\u00e3o de nota fiscal, conta banc\u00e1ria empresarial, acesso facilitado a cr\u00e9ditos. Tudo, sem precisar contratar empresa de contabilidade, com imposto fixo de at\u00e9 61,00 e nenhum tipo de burocracia.<\/p>\n<p><iframe loading=\"lazy\" title=\"Itapetinga lan\u00e7a projeto Vem Ser MEI\" width=\"500\" height=\"281\" src=\"https:\/\/www.youtube.com\/embed\/1ucGpXYoTS0?feature=oembed\" frameborder=\"0\" allow=\"accelerometer; autoplay; clipboard-write; encrypted-media; gyroscope; picture-in-picture; web-share\" referrerpolicy=\"strict-origin-when-cross-origin\" allowfullscreen><\/iframe><\/p>\n<p>Ap\u00f3s o final da Feira de Artesanato, o projeto Vem ser MEI vai fazer atendimento nos bairros.<\/p>\n<p><strong>Acompanhe a agenda:<\/strong><\/p>\n<p>03 e 04 de novembro: Bairro Primavera<\/p>\n<p>10 e 11 de novembro: Nova Itapetinga<\/p>\n<p>17 e 18 de novembro: Vila Isabel<\/p>\n<p>24 e 25 de novembro: Vila Riach\u00e3o<\/p>\n<p>01 e 02 de dezembro: Central de Abastecimento<\/p>\n","protected":false},"excerpt":{"rendered":"<p>Nesta sexta-feira, 29, a prefeitura de Itapetinga vai lan\u00e7ar, durante a Feira de Artesanato, o projeto Vem Ser MEI, numa iniciativa da Secretaria Municipal de Planejamento e CrediBahia. O objetivo do projeto \u00e9 fomentar o empreendedorismo, levar at\u00e9 \u00e0 popula\u00e7\u00e3o informa\u00e7\u00e3o sobre os benef\u00edcios de ser um microempreendedor e formalizar neg\u00f3cios de forma r\u00e1pida, segura [&hellip;]<\/p>\n","protected":false},"author":2,"featured_media":97944,"comment_status":"open","ping_status":"open","sticky":false,"template":"","format":"standard","meta":{"footnotes":"","_links_to":"","_links_to_target":""},"categories":[1],"tags":[],"class_list":["post-97941","post","type-post","status-publish","format-standard","has-post-thumbnail","hentry","category-geral"],"views":1093,"_links":{"self":[{"href":"https:\/\/www.sudoestehoje.com.br\/novoportal\/wp-json\/wp\/v2\/posts\/97941","targetHints":{"allow":["GET"]}}],"collection":[{"href":"https:\/\/www.sudoestehoje.com.br\/novoportal\/wp-json\/wp\/v2\/posts"}],"about":[{"href":"https:\/\/www.sudoestehoje.com.br\/novoportal\/wp-json\/wp\/v2\/types\/post"}],"author":[{"embeddable":true,"href":"https:\/\/www.sudoestehoje.com.br\/novoportal\/wp-json\/wp\/v2\/users\/2"}],"replies":[{"embeddable":true,"href":"https:\/\/www.sudoestehoje.com.br\/novoportal\/wp-json\/wp\/v2\/comments?post=97941"}],"version-history":[{"count":4,"href":"https:\/\/www.sudoestehoje.com.br\/novoportal\/wp-json\/wp\/v2\/posts\/97941\/revisions"}],"predecessor-version":[{"id":97946,"href":"https:\/\/www.sudoestehoje.com.br\/novoportal\/wp-json\/wp\/v2\/posts\/97941\/revisions\/97946"}],"wp:featuredmedia":[{"embeddable":true,"href":"https:\/\/www.sudoestehoje.com.br\/novoportal\/wp-json\/wp\/v2\/media\/97944"}],"wp:attachment":[{"href":"https:\/\/www.sudoestehoje.com.br\/novoportal\/wp-json\/wp\/v2\/media?parent=97941"}],"wp:term":[{"taxonomy":"category","embeddable":true,"href":"https:\/\/www.sudoestehoje.com.br\/novoportal\/wp-json\/wp\/v2\/categories?post=97941"},{"taxonomy":"post_tag","embeddable":true,"href":"https:\/\/www.sudoestehoje.com.br\/novoportal\/wp-json\/wp\/v2\/tags?post=97941"}],"curies":[{"name":"wp","href":"https:\/\/api.w.org\/{rel}","templated":true}]}}