
{"id":97916,"date":"2021-10-27T19:54:18","date_gmt":"2021-10-27T22:54:18","guid":{"rendered":"https:\/\/www.sudoestehoje.com.br\/novoportal\/?p=97916"},"modified":"2021-10-27T19:54:18","modified_gmt":"2021-10-27T22:54:18","slug":"sessao-especial-da-camara-dedicada-ao-outubro-rosa-proposta-por-manu-brandao","status":"publish","type":"post","link":"https:\/\/www.sudoestehoje.com.br\/novoportal\/2021\/10\/27\/sessao-especial-da-camara-dedicada-ao-outubro-rosa-proposta-por-manu-brandao\/","title":{"rendered":"SESS\u00c3O ESPECIAL DA C\u00c2MARA DEDICADA AO OUTUBRO ROSA, PROPOSTA POR MANU BRAND\u00c3O"},"content":{"rendered":"<p><a href=\"https:\/\/www.sudoestehoje.com.br\/novoportal\/wp-content\/uploads\/2021\/10\/WhatsApp-Image-2021-10-27-at-19.49.41.jpeg\"><img loading=\"lazy\" decoding=\"async\" class=\"aligncenter size-medium wp-image-97920\" src=\"https:\/\/www.sudoestehoje.com.br\/novoportal\/wp-content\/uploads\/2021\/10\/WhatsApp-Image-2021-10-27-at-19.49.41-500x321.jpeg\" alt=\"\" width=\"500\" height=\"321\" srcset=\"https:\/\/www.sudoestehoje.com.br\/novoportal\/wp-content\/uploads\/2021\/10\/WhatsApp-Image-2021-10-27-at-19.49.41-500x321.jpeg 500w, https:\/\/www.sudoestehoje.com.br\/novoportal\/wp-content\/uploads\/2021\/10\/WhatsApp-Image-2021-10-27-at-19.49.41-700x450.jpeg 700w, https:\/\/www.sudoestehoje.com.br\/novoportal\/wp-content\/uploads\/2021\/10\/WhatsApp-Image-2021-10-27-at-19.49.41-768x493.jpeg 768w, https:\/\/www.sudoestehoje.com.br\/novoportal\/wp-content\/uploads\/2021\/10\/WhatsApp-Image-2021-10-27-at-19.49.41.jpeg 1147w\" sizes=\"auto, (max-width: 500px) 100vw, 500px\" \/><\/a><\/p>\n<p>Acontece neste momento, na C\u00e2mara Municipal de Itapetinga, uma sess\u00e3o especial dedicada ao Outubro Rosa, m\u00eas de enfrentamento ao c\u00e2ncer de mama. O evento \u00e9 de iniciativa da vereadora <strong>Manu Brand\u00e3o (MDB)<\/strong>.<\/p>\n<p>Participe da sess\u00e3o ou acompanhe a transmiss\u00e3o ao vivo pelo r\u00e1dio ou pela internet.<\/p>\n<p>Canais de transmiss\u00e3o:<br \/>\n&#x1f538;TV C\u00e2mara Itapetinga no YouTube<br \/>\n&#x1f538;Instagram @camaraitapetinga<br \/>\n&#x1f538;Fascina\u00e7\u00e3o AM 1080<\/p>\n<p><iframe loading=\"lazy\" title=\"Sess\u00e3o Especial Outubro Rosa  -   27.10.2021\" width=\"500\" height=\"281\" src=\"https:\/\/www.youtube.com\/embed\/VsU8kQApD80?feature=oembed\" frameborder=\"0\" allow=\"accelerometer; autoplay; clipboard-write; encrypted-media; gyroscope; picture-in-picture; web-share\" referrerpolicy=\"strict-origin-when-cross-origin\" allowfullscreen><\/iframe><\/p>\n","protected":false},"excerpt":{"rendered":"<p>Acontece neste momento, na C\u00e2mara Municipal de Itapetinga, uma sess\u00e3o especial dedicada ao Outubro Rosa, m\u00eas de enfrentamento ao c\u00e2ncer de mama. O evento \u00e9 de iniciativa da vereadora Manu Brand\u00e3o (MDB). Participe da sess\u00e3o ou acompanhe a transmiss\u00e3o ao vivo pelo r\u00e1dio ou pela internet. Canais de transmiss\u00e3o: &#x1f538;TV C\u00e2mara Itapetinga no YouTube &#x1f538;Instagram [&hellip;]<\/p>\n","protected":false},"author":2,"featured_media":97920,"comment_status":"open","ping_status":"open","sticky":false,"template":"","format":"standard","meta":{"footnotes":"","_links_to":"","_links_to_target":""},"categories":[1],"tags":[],"class_list":["post-97916","post","type-post","status-publish","format-standard","has-post-thumbnail","hentry","category-geral"],"views":765,"_links":{"self":[{"href":"https:\/\/www.sudoestehoje.com.br\/novoportal\/wp-json\/wp\/v2\/posts\/97916","targetHints":{"allow":["GET"]}}],"collection":[{"href":"https:\/\/www.sudoestehoje.com.br\/novoportal\/wp-json\/wp\/v2\/posts"}],"about":[{"href":"https:\/\/www.sudoestehoje.com.br\/novoportal\/wp-json\/wp\/v2\/types\/post"}],"author":[{"embeddable":true,"href":"https:\/\/www.sudoestehoje.com.br\/novoportal\/wp-json\/wp\/v2\/users\/2"}],"replies":[{"embeddable":true,"href":"https:\/\/www.sudoestehoje.com.br\/novoportal\/wp-json\/wp\/v2\/comments?post=97916"}],"version-history":[{"count":5,"href":"https:\/\/www.sudoestehoje.com.br\/novoportal\/wp-json\/wp\/v2\/posts\/97916\/revisions"}],"predecessor-version":[{"id":97922,"href":"https:\/\/www.sudoestehoje.com.br\/novoportal\/wp-json\/wp\/v2\/posts\/97916\/revisions\/97922"}],"wp:featuredmedia":[{"embeddable":true,"href":"https:\/\/www.sudoestehoje.com.br\/novoportal\/wp-json\/wp\/v2\/media\/97920"}],"wp:attachment":[{"href":"https:\/\/www.sudoestehoje.com.br\/novoportal\/wp-json\/wp\/v2\/media?parent=97916"}],"wp:term":[{"taxonomy":"category","embeddable":true,"href":"https:\/\/www.sudoestehoje.com.br\/novoportal\/wp-json\/wp\/v2\/categories?post=97916"},{"taxonomy":"post_tag","embeddable":true,"href":"https:\/\/www.sudoestehoje.com.br\/novoportal\/wp-json\/wp\/v2\/tags?post=97916"}],"curies":[{"name":"wp","href":"https:\/\/api.w.org\/{rel}","templated":true}]}}