
{"id":97909,"date":"2021-10-27T11:34:09","date_gmt":"2021-10-27T14:34:09","guid":{"rendered":"https:\/\/www.sudoestehoje.com.br\/novoportal\/?p=97909"},"modified":"2021-10-27T11:34:09","modified_gmt":"2021-10-27T14:34:09","slug":"boa-noticia-michel-hagge-se-recupera-bem-apos-cirurgia-em-salvador","status":"publish","type":"post","link":"https:\/\/www.sudoestehoje.com.br\/novoportal\/2021\/10\/27\/boa-noticia-michel-hagge-se-recupera-bem-apos-cirurgia-em-salvador\/","title":{"rendered":"BOA NOT\u00cdCIA! MICHEL HAGGE SE RECUPERA BEM AP\u00d3S CIRURGIA EM SALVADOR"},"content":{"rendered":"<p><a href=\"https:\/\/www.sudoestehoje.com.br\/novoportal\/wp-content\/uploads\/2021\/10\/DSC_3399.jpg\"><img loading=\"lazy\" decoding=\"async\" class=\"aligncenter size-medium wp-image-97913\" src=\"https:\/\/www.sudoestehoje.com.br\/novoportal\/wp-content\/uploads\/2021\/10\/DSC_3399-500x334.jpg\" alt=\"\" width=\"500\" height=\"334\" srcset=\"https:\/\/www.sudoestehoje.com.br\/novoportal\/wp-content\/uploads\/2021\/10\/DSC_3399-500x334.jpg 500w, https:\/\/www.sudoestehoje.com.br\/novoportal\/wp-content\/uploads\/2021\/10\/DSC_3399.jpg 600w\" sizes=\"auto, (max-width: 500px) 100vw, 500px\" \/><\/a><\/p>\n<p>Se recupera bem em Salvador, o ex-prefeito e deputado estadual Michel Hagge, ap\u00f3s cirurgia no Hospital S\u00e3o Rafael, na capital do Estado.<\/p>\n<p>Michel foi submetido a uma interven\u00e7\u00e3o cir\u00fargica delicada, nesta ter\u00e7a-feira (26), para tratar de um aneurisma numa art\u00e9ria abdominal, com alto risco, em decorr\u00eancia da sua idade avan\u00e7ada (93 anos), mas se recupera muito bem, surpreendendo a equipe m\u00e9dica que o operou.<\/p>\n<p>O Sudoeste Hoje manteve contato com familiares e amigos, que confirmaram com alegria o sucesso da cirurgia e a sua surpreendente recupera\u00e7\u00e3o.<\/p>\n<p>Como dizem os gabirabas, <em>&#8220;o v\u00e9i \u00e9 duro na queda<\/em>&#8220;!<\/p>\n<p><strong><em>Por Davi Ferraz<\/em><\/strong><\/p>\n","protected":false},"excerpt":{"rendered":"<p>Se recupera bem em Salvador, o ex-prefeito e deputado estadual Michel Hagge, ap\u00f3s cirurgia no Hospital S\u00e3o Rafael, na capital do Estado. Michel foi submetido a uma interven\u00e7\u00e3o cir\u00fargica delicada, nesta ter\u00e7a-feira (26), para tratar de um aneurisma numa art\u00e9ria abdominal, com alto risco, em decorr\u00eancia da sua idade avan\u00e7ada (93 anos), mas se recupera [&hellip;]<\/p>\n","protected":false},"author":2,"featured_media":97913,"comment_status":"open","ping_status":"open","sticky":false,"template":"","format":"standard","meta":{"footnotes":"","_links_to":"","_links_to_target":""},"categories":[1],"tags":[],"class_list":["post-97909","post","type-post","status-publish","format-standard","has-post-thumbnail","hentry","category-geral"],"views":1216,"_links":{"self":[{"href":"https:\/\/www.sudoestehoje.com.br\/novoportal\/wp-json\/wp\/v2\/posts\/97909","targetHints":{"allow":["GET"]}}],"collection":[{"href":"https:\/\/www.sudoestehoje.com.br\/novoportal\/wp-json\/wp\/v2\/posts"}],"about":[{"href":"https:\/\/www.sudoestehoje.com.br\/novoportal\/wp-json\/wp\/v2\/types\/post"}],"author":[{"embeddable":true,"href":"https:\/\/www.sudoestehoje.com.br\/novoportal\/wp-json\/wp\/v2\/users\/2"}],"replies":[{"embeddable":true,"href":"https:\/\/www.sudoestehoje.com.br\/novoportal\/wp-json\/wp\/v2\/comments?post=97909"}],"version-history":[{"count":3,"href":"https:\/\/www.sudoestehoje.com.br\/novoportal\/wp-json\/wp\/v2\/posts\/97909\/revisions"}],"predecessor-version":[{"id":97914,"href":"https:\/\/www.sudoestehoje.com.br\/novoportal\/wp-json\/wp\/v2\/posts\/97909\/revisions\/97914"}],"wp:featuredmedia":[{"embeddable":true,"href":"https:\/\/www.sudoestehoje.com.br\/novoportal\/wp-json\/wp\/v2\/media\/97913"}],"wp:attachment":[{"href":"https:\/\/www.sudoestehoje.com.br\/novoportal\/wp-json\/wp\/v2\/media?parent=97909"}],"wp:term":[{"taxonomy":"category","embeddable":true,"href":"https:\/\/www.sudoestehoje.com.br\/novoportal\/wp-json\/wp\/v2\/categories?post=97909"},{"taxonomy":"post_tag","embeddable":true,"href":"https:\/\/www.sudoestehoje.com.br\/novoportal\/wp-json\/wp\/v2\/tags?post=97909"}],"curies":[{"name":"wp","href":"https:\/\/api.w.org\/{rel}","templated":true}]}}