
{"id":97894,"date":"2021-10-26T17:27:03","date_gmt":"2021-10-26T20:27:03","guid":{"rendered":"https:\/\/www.sudoestehoje.com.br\/novoportal\/?p=97894"},"modified":"2021-10-26T17:27:03","modified_gmt":"2021-10-26T20:27:03","slug":"itapetinga-tempo-de-espera-nos-semaforos-da-av-cinquentenario-precisa-ser-alterado","status":"publish","type":"post","link":"https:\/\/www.sudoestehoje.com.br\/novoportal\/2021\/10\/26\/itapetinga-tempo-de-espera-nos-semaforos-da-av-cinquentenario-precisa-ser-alterado\/","title":{"rendered":"ITAPETINGA: TEMPO DE ESPERA NOS SEM\u00c1FOROS DA AV. CINQUENTEN\u00c1RIO PRECISA SER ALTERADO"},"content":{"rendered":"<p><a href=\"https:\/\/www.sudoestehoje.com.br\/novoportal\/wp-content\/uploads\/2021\/10\/WhatsApp-Image-2021-10-26-at-17.20.49-1.jpeg\"><img loading=\"lazy\" decoding=\"async\" class=\"aligncenter size-medium wp-image-97899\" src=\"https:\/\/www.sudoestehoje.com.br\/novoportal\/wp-content\/uploads\/2021\/10\/WhatsApp-Image-2021-10-26-at-17.20.49-1-500x375.jpeg\" alt=\"\" width=\"500\" height=\"375\" srcset=\"https:\/\/www.sudoestehoje.com.br\/novoportal\/wp-content\/uploads\/2021\/10\/WhatsApp-Image-2021-10-26-at-17.20.49-1-500x375.jpeg 500w, https:\/\/www.sudoestehoje.com.br\/novoportal\/wp-content\/uploads\/2021\/10\/WhatsApp-Image-2021-10-26-at-17.20.49-1-700x525.jpeg 700w, https:\/\/www.sudoestehoje.com.br\/novoportal\/wp-content\/uploads\/2021\/10\/WhatsApp-Image-2021-10-26-at-17.20.49-1-768x576.jpeg 768w, https:\/\/www.sudoestehoje.com.br\/novoportal\/wp-content\/uploads\/2021\/10\/WhatsApp-Image-2021-10-26-at-17.20.49-1-1536x1152.jpeg 1536w, https:\/\/www.sudoestehoje.com.br\/novoportal\/wp-content\/uploads\/2021\/10\/WhatsApp-Image-2021-10-26-at-17.20.49-1.jpeg 1600w\" sizes=\"auto, (max-width: 500px) 100vw, 500px\" \/><\/a><\/p>\n<p>Apesar de ter agradado em cheio a popula\u00e7\u00e3o de Itapetinga, os sem\u00e1foros instalados no cruzamento das avenidas Cinquenten\u00e1rio e Flamengo j\u00e1 necessitam de corre\u00e7\u00e3o, no que diz respeito ao tempo de espera nos sinais <strong>vermelho<\/strong> e <strong>verde<\/strong>, nos dois sentidos.<\/p>\n<p>Quem passa pelo local, percebe logo que a sincroniza\u00e7\u00e3o entre os sinais n\u00e3o est\u00e1 correta, tendo que esperar<strong> 82 segundos no sinal VERMELHO<\/strong>, o que nos parece exagerados para o volume de tr\u00e1fego no local, enquanto o tempo <strong>no sinal VERDE \u00e9 muito curto, com apenas 22 segundos<\/strong>, na Avenida Cinquenten\u00e1rio, que \u00e9 a via principal.<\/p>\n<p>Assim, quando fecha o sinal vermelho, a espera \u00e9 grande, irritando os motoristas, enquanto o tempo do sinal verde \u00e9 pouco, permitindo a passagem de, no m\u00e1ximo, 5 ou 6 carros.<\/p>\n<p><a href=\"https:\/\/www.sudoestehoje.com.br\/novoportal\/wp-content\/uploads\/2021\/10\/WhatsApp-Image-2021-10-26-at-17.23.25.jpeg\"><img loading=\"lazy\" decoding=\"async\" class=\"aligncenter size-medium wp-image-97897\" src=\"https:\/\/www.sudoestehoje.com.br\/novoportal\/wp-content\/uploads\/2021\/10\/WhatsApp-Image-2021-10-26-at-17.23.25-500x375.jpeg\" alt=\"\" width=\"500\" height=\"375\" srcset=\"https:\/\/www.sudoestehoje.com.br\/novoportal\/wp-content\/uploads\/2021\/10\/WhatsApp-Image-2021-10-26-at-17.23.25-500x375.jpeg 500w, https:\/\/www.sudoestehoje.com.br\/novoportal\/wp-content\/uploads\/2021\/10\/WhatsApp-Image-2021-10-26-at-17.23.25-700x525.jpeg 700w, https:\/\/www.sudoestehoje.com.br\/novoportal\/wp-content\/uploads\/2021\/10\/WhatsApp-Image-2021-10-26-at-17.23.25-768x576.jpeg 768w, https:\/\/www.sudoestehoje.com.br\/novoportal\/wp-content\/uploads\/2021\/10\/WhatsApp-Image-2021-10-26-at-17.23.25-1536x1152.jpeg 1536w, https:\/\/www.sudoestehoje.com.br\/novoportal\/wp-content\/uploads\/2021\/10\/WhatsApp-Image-2021-10-26-at-17.23.25.jpeg 1600w\" sizes=\"auto, (max-width: 500px) 100vw, 500px\" \/><\/a><\/p>\n<p>O <em>Sudoeste Hoje<\/em> conversou com o secret\u00e1rio da Infraestrutura, Gustavo David, que reconheceu a necessidade da corre\u00e7\u00e3o do tempo nos sem\u00e1foros, que ainda est\u00e3o em fase de adapta\u00e7\u00e3o. Gustavo disse que j\u00e1 conversou com o coordenador da Comutran e que uma nova sincroniza\u00e7\u00e3o dos aparelhos dever\u00e1 ser realizada, ap\u00f3s o per\u00edodo de testes e adapta\u00e7\u00f5es no local, por recomenda\u00e7\u00e3o do prefeito Rodrigo Hagge.<\/p>\n<p>Vamos aguardar&#8230;<\/p>\n<p><strong><em>Por Davi Ferraz<\/em><\/strong><\/p>\n","protected":false},"excerpt":{"rendered":"<p>Apesar de ter agradado em cheio a popula\u00e7\u00e3o de Itapetinga, os sem\u00e1foros instalados no cruzamento das avenidas Cinquenten\u00e1rio e Flamengo j\u00e1 necessitam de corre\u00e7\u00e3o, no que diz respeito ao tempo de espera nos sinais vermelho e verde, nos dois sentidos. Quem passa pelo local, percebe logo que a sincroniza\u00e7\u00e3o entre os sinais n\u00e3o est\u00e1 correta, [&hellip;]<\/p>\n","protected":false},"author":2,"featured_media":97899,"comment_status":"open","ping_status":"open","sticky":false,"template":"","format":"standard","meta":{"footnotes":"","_links_to":"","_links_to_target":""},"categories":[1],"tags":[],"class_list":["post-97894","post","type-post","status-publish","format-standard","has-post-thumbnail","hentry","category-geral"],"views":2437,"_links":{"self":[{"href":"https:\/\/www.sudoestehoje.com.br\/novoportal\/wp-json\/wp\/v2\/posts\/97894","targetHints":{"allow":["GET"]}}],"collection":[{"href":"https:\/\/www.sudoestehoje.com.br\/novoportal\/wp-json\/wp\/v2\/posts"}],"about":[{"href":"https:\/\/www.sudoestehoje.com.br\/novoportal\/wp-json\/wp\/v2\/types\/post"}],"author":[{"embeddable":true,"href":"https:\/\/www.sudoestehoje.com.br\/novoportal\/wp-json\/wp\/v2\/users\/2"}],"replies":[{"embeddable":true,"href":"https:\/\/www.sudoestehoje.com.br\/novoportal\/wp-json\/wp\/v2\/comments?post=97894"}],"version-history":[{"count":4,"href":"https:\/\/www.sudoestehoje.com.br\/novoportal\/wp-json\/wp\/v2\/posts\/97894\/revisions"}],"predecessor-version":[{"id":97901,"href":"https:\/\/www.sudoestehoje.com.br\/novoportal\/wp-json\/wp\/v2\/posts\/97894\/revisions\/97901"}],"wp:featuredmedia":[{"embeddable":true,"href":"https:\/\/www.sudoestehoje.com.br\/novoportal\/wp-json\/wp\/v2\/media\/97899"}],"wp:attachment":[{"href":"https:\/\/www.sudoestehoje.com.br\/novoportal\/wp-json\/wp\/v2\/media?parent=97894"}],"wp:term":[{"taxonomy":"category","embeddable":true,"href":"https:\/\/www.sudoestehoje.com.br\/novoportal\/wp-json\/wp\/v2\/categories?post=97894"},{"taxonomy":"post_tag","embeddable":true,"href":"https:\/\/www.sudoestehoje.com.br\/novoportal\/wp-json\/wp\/v2\/tags?post=97894"}],"curies":[{"name":"wp","href":"https:\/\/api.w.org\/{rel}","templated":true}]}}