
{"id":97864,"date":"2021-10-25T10:06:16","date_gmt":"2021-10-25T13:06:16","guid":{"rendered":"https:\/\/www.sudoestehoje.com.br\/novoportal\/?p=97864"},"modified":"2021-10-25T10:06:16","modified_gmt":"2021-10-25T13:06:16","slug":"lucio-diz-que-candidatos-ao-governo-sao-todos-iguais-tirando-os-olhos-azuis-de-wagner-e-joao-roma","status":"publish","type":"post","link":"https:\/\/www.sudoestehoje.com.br\/novoportal\/2021\/10\/25\/lucio-diz-que-candidatos-ao-governo-sao-todos-iguais-tirando-os-olhos-azuis-de-wagner-e-joao-roma\/","title":{"rendered":"L\u00daCIO DIZ QUE CANDIDATOS AO GOVERNO &#8220;S\u00c3O TODOS IGUAIS, TIRANDO OS OLHOS AZUIS DE WAGNER E JO\u00c3O ROMA&#8221;"},"content":{"rendered":"<p><a href=\"https:\/\/www.sudoestehoje.com.br\/novoportal\/wp-content\/uploads\/2021\/10\/csm_16.10.2017Lucio-Vieira-Lima_69196edb63.jpg\"><img loading=\"lazy\" decoding=\"async\" class=\"aligncenter size-medium wp-image-97870\" src=\"https:\/\/www.sudoestehoje.com.br\/novoportal\/wp-content\/uploads\/2021\/10\/csm_16.10.2017Lucio-Vieira-Lima_69196edb63-500x268.jpg\" alt=\"\" width=\"500\" height=\"268\" srcset=\"https:\/\/www.sudoestehoje.com.br\/novoportal\/wp-content\/uploads\/2021\/10\/csm_16.10.2017Lucio-Vieira-Lima_69196edb63-500x268.jpg 500w, https:\/\/www.sudoestehoje.com.br\/novoportal\/wp-content\/uploads\/2021\/10\/csm_16.10.2017Lucio-Vieira-Lima_69196edb63-700x375.jpg 700w, https:\/\/www.sudoestehoje.com.br\/novoportal\/wp-content\/uploads\/2021\/10\/csm_16.10.2017Lucio-Vieira-Lima_69196edb63-768x411.jpg 768w, https:\/\/www.sudoestehoje.com.br\/novoportal\/wp-content\/uploads\/2021\/10\/csm_16.10.2017Lucio-Vieira-Lima_69196edb63.jpg 1121w\" sizes=\"auto, (max-width: 500px) 100vw, 500px\" \/><\/a><\/p>\n<p>O ex-deputado federal e cacique do MDB baiano, L\u00facio Vieira Lima, afirmou na manh\u00e3 desta segunda-feira (25) que \u201cn\u00e3o h\u00e1 muita diferen\u00e7a\u201d entre as pr\u00e9-candidaturas ao governo da Bahia, do senador Jaques Wagner (PT), do ministro da Cidadania, Jo\u00e3o Roma (Republicanos), e do ex-prefeito de Salvador ACM Neto (UB).\u00a0\u201cFora os olhos azuis de Roma e Wagner, nada de diferente\u201d.<\/p>\n<p>O emedebista reafirmou que o partido n\u00e3o aceitar\u00e1 press\u00e3o para decidir quem apoiar\u00e1 no pleito do ano que vem. <em>\u201cEu digo que sou inconstrang\u00edvel, e digo que o MDB n\u00e3o vai aceitar nenhum tipo de press\u00e3o para tomar a decis\u00e3o. A gente n\u00e3o sabe oficialmente nem quem \u00e9 candidato, ent\u00e3o existe motivo para essa press\u00e3o. O MDB tem seu tempo. O MDB tem o tempo do MDB. Na hora certa decidiremos, sem press\u00e3o\u201d<\/em>, disse em entrevista ao Grupo Lomes de Comunica\u00e7\u00e3o. <em>\/\/Bahia.ba<\/em><\/p>\n","protected":false},"excerpt":{"rendered":"<p>O ex-deputado federal e cacique do MDB baiano, L\u00facio Vieira Lima, afirmou na manh\u00e3 desta segunda-feira (25) que \u201cn\u00e3o h\u00e1 muita diferen\u00e7a\u201d entre as pr\u00e9-candidaturas ao governo da Bahia, do senador Jaques Wagner (PT), do ministro da Cidadania, Jo\u00e3o Roma (Republicanos), e do ex-prefeito de Salvador ACM Neto (UB).\u00a0\u201cFora os olhos azuis de Roma e [&hellip;]<\/p>\n","protected":false},"author":2,"featured_media":97870,"comment_status":"open","ping_status":"open","sticky":false,"template":"","format":"standard","meta":{"footnotes":"","_links_to":"","_links_to_target":""},"categories":[1],"tags":[],"class_list":["post-97864","post","type-post","status-publish","format-standard","has-post-thumbnail","hentry","category-geral"],"views":952,"_links":{"self":[{"href":"https:\/\/www.sudoestehoje.com.br\/novoportal\/wp-json\/wp\/v2\/posts\/97864","targetHints":{"allow":["GET"]}}],"collection":[{"href":"https:\/\/www.sudoestehoje.com.br\/novoportal\/wp-json\/wp\/v2\/posts"}],"about":[{"href":"https:\/\/www.sudoestehoje.com.br\/novoportal\/wp-json\/wp\/v2\/types\/post"}],"author":[{"embeddable":true,"href":"https:\/\/www.sudoestehoje.com.br\/novoportal\/wp-json\/wp\/v2\/users\/2"}],"replies":[{"embeddable":true,"href":"https:\/\/www.sudoestehoje.com.br\/novoportal\/wp-json\/wp\/v2\/comments?post=97864"}],"version-history":[{"count":6,"href":"https:\/\/www.sudoestehoje.com.br\/novoportal\/wp-json\/wp\/v2\/posts\/97864\/revisions"}],"predecessor-version":[{"id":97871,"href":"https:\/\/www.sudoestehoje.com.br\/novoportal\/wp-json\/wp\/v2\/posts\/97864\/revisions\/97871"}],"wp:featuredmedia":[{"embeddable":true,"href":"https:\/\/www.sudoestehoje.com.br\/novoportal\/wp-json\/wp\/v2\/media\/97870"}],"wp:attachment":[{"href":"https:\/\/www.sudoestehoje.com.br\/novoportal\/wp-json\/wp\/v2\/media?parent=97864"}],"wp:term":[{"taxonomy":"category","embeddable":true,"href":"https:\/\/www.sudoestehoje.com.br\/novoportal\/wp-json\/wp\/v2\/categories?post=97864"},{"taxonomy":"post_tag","embeddable":true,"href":"https:\/\/www.sudoestehoje.com.br\/novoportal\/wp-json\/wp\/v2\/tags?post=97864"}],"curies":[{"name":"wp","href":"https:\/\/api.w.org\/{rel}","templated":true}]}}