
{"id":97846,"date":"2021-10-25T00:18:26","date_gmt":"2021-10-25T03:18:26","guid":{"rendered":"https:\/\/www.sudoestehoje.com.br\/novoportal\/?p=97846"},"modified":"2021-10-25T00:18:26","modified_gmt":"2021-10-25T03:18:26","slug":"aliados-do-governo-acreditam-que-pgr-vai-arquivar-relatorio-da-cpi-da-pandemia","status":"publish","type":"post","link":"https:\/\/www.sudoestehoje.com.br\/novoportal\/2021\/10\/25\/aliados-do-governo-acreditam-que-pgr-vai-arquivar-relatorio-da-cpi-da-pandemia\/","title":{"rendered":"ALIADOS DO GOVERNO ACREDITAM QUE PGR VAI ARQUIVAR RELAT\u00d3RIO DA CPI DA PANDEMIA"},"content":{"rendered":"<div id=\"textoMateria\">\n<p><a href=\"https:\/\/www.sudoestehoje.com.br\/novoportal\/wp-content\/uploads\/2021\/10\/MarceloQueiroga-CPI-Pandemia-RenanCalheiros-RandolfeRodrigues-OmarAziz-115-scaled-1.jpg\"><img loading=\"lazy\" decoding=\"async\" class=\"size-medium wp-image-97849\" src=\"https:\/\/www.sudoestehoje.com.br\/novoportal\/wp-content\/uploads\/2021\/10\/MarceloQueiroga-CPI-Pandemia-RenanCalheiros-RandolfeRodrigues-OmarAziz-115-scaled-1-500x334.jpg\" alt=\"\" width=\"500\" height=\"334\" srcset=\"https:\/\/www.sudoestehoje.com.br\/novoportal\/wp-content\/uploads\/2021\/10\/MarceloQueiroga-CPI-Pandemia-RenanCalheiros-RandolfeRodrigues-OmarAziz-115-scaled-1-500x334.jpg 500w, https:\/\/www.sudoestehoje.com.br\/novoportal\/wp-content\/uploads\/2021\/10\/MarceloQueiroga-CPI-Pandemia-RenanCalheiros-RandolfeRodrigues-OmarAziz-115-scaled-1-700x468.jpg 700w, https:\/\/www.sudoestehoje.com.br\/novoportal\/wp-content\/uploads\/2021\/10\/MarceloQueiroga-CPI-Pandemia-RenanCalheiros-RandolfeRodrigues-OmarAziz-115-scaled-1-768x514.jpg 768w, https:\/\/www.sudoestehoje.com.br\/novoportal\/wp-content\/uploads\/2021\/10\/MarceloQueiroga-CPI-Pandemia-RenanCalheiros-RandolfeRodrigues-OmarAziz-115-scaled-1-1536x1027.jpg 1536w, https:\/\/www.sudoestehoje.com.br\/novoportal\/wp-content\/uploads\/2021\/10\/MarceloQueiroga-CPI-Pandemia-RenanCalheiros-RandolfeRodrigues-OmarAziz-115-scaled-1-2048x1370.jpg 2048w\" sizes=\"auto, (max-width: 500px) 100vw, 500px\" \/><\/a><\/p>\n<p>Se for aprovado na ter\u00e7a-feira (26), o relat\u00f3rio final da CPI da Pandemia ser\u00e1 encaminhado para provid\u00eancias de diversas autoridades, a exemplo do Tribunal de Contas da Uni\u00e3o e da Pol\u00edcia Federal.<\/p>\n<p>O senador Marcos Rog\u00e9rio (DEM-RO) diz que, por inconstitucionalidade, as acusa\u00e7\u00f5es contra o presidente Jair Bolsonaro (sem partido) dever\u00e3o ser arquivadas pela Procuradoria-Geral da Rep\u00fablica.<\/p>\n<p>Mas o vice-presidente do colegiado, Randolfe Rodrigues (Rede-AP), contudo, ressalta que o parecer tem embasamento t\u00e9cnico e jur\u00eddico para ter andamento.<\/p>\n<\/div>\n<p><em>Da\u00a0Ag\u00eancia Senado<\/em><\/p>\n","protected":false},"excerpt":{"rendered":"<p>Se for aprovado na ter\u00e7a-feira (26), o relat\u00f3rio final da CPI da Pandemia ser\u00e1 encaminhado para provid\u00eancias de diversas autoridades, a exemplo do Tribunal de Contas da Uni\u00e3o e da Pol\u00edcia Federal. O senador Marcos Rog\u00e9rio (DEM-RO) diz que, por inconstitucionalidade, as acusa\u00e7\u00f5es contra o presidente Jair Bolsonaro (sem partido) dever\u00e3o ser arquivadas pela Procuradoria-Geral [&hellip;]<\/p>\n","protected":false},"author":2,"featured_media":97849,"comment_status":"open","ping_status":"open","sticky":false,"template":"","format":"standard","meta":{"footnotes":"","_links_to":"","_links_to_target":""},"categories":[1],"tags":[],"class_list":["post-97846","post","type-post","status-publish","format-standard","has-post-thumbnail","hentry","category-geral"],"views":789,"_links":{"self":[{"href":"https:\/\/www.sudoestehoje.com.br\/novoportal\/wp-json\/wp\/v2\/posts\/97846","targetHints":{"allow":["GET"]}}],"collection":[{"href":"https:\/\/www.sudoestehoje.com.br\/novoportal\/wp-json\/wp\/v2\/posts"}],"about":[{"href":"https:\/\/www.sudoestehoje.com.br\/novoportal\/wp-json\/wp\/v2\/types\/post"}],"author":[{"embeddable":true,"href":"https:\/\/www.sudoestehoje.com.br\/novoportal\/wp-json\/wp\/v2\/users\/2"}],"replies":[{"embeddable":true,"href":"https:\/\/www.sudoestehoje.com.br\/novoportal\/wp-json\/wp\/v2\/comments?post=97846"}],"version-history":[{"count":4,"href":"https:\/\/www.sudoestehoje.com.br\/novoportal\/wp-json\/wp\/v2\/posts\/97846\/revisions"}],"predecessor-version":[{"id":97851,"href":"https:\/\/www.sudoestehoje.com.br\/novoportal\/wp-json\/wp\/v2\/posts\/97846\/revisions\/97851"}],"wp:featuredmedia":[{"embeddable":true,"href":"https:\/\/www.sudoestehoje.com.br\/novoportal\/wp-json\/wp\/v2\/media\/97849"}],"wp:attachment":[{"href":"https:\/\/www.sudoestehoje.com.br\/novoportal\/wp-json\/wp\/v2\/media?parent=97846"}],"wp:term":[{"taxonomy":"category","embeddable":true,"href":"https:\/\/www.sudoestehoje.com.br\/novoportal\/wp-json\/wp\/v2\/categories?post=97846"},{"taxonomy":"post_tag","embeddable":true,"href":"https:\/\/www.sudoestehoje.com.br\/novoportal\/wp-json\/wp\/v2\/tags?post=97846"}],"curies":[{"name":"wp","href":"https:\/\/api.w.org\/{rel}","templated":true}]}}