
{"id":97827,"date":"2021-10-23T21:16:34","date_gmt":"2021-10-24T00:16:34","guid":{"rendered":"https:\/\/www.sudoestehoje.com.br\/novoportal\/?p=97827"},"modified":"2021-10-23T21:16:34","modified_gmt":"2021-10-24T00:16:34","slug":"rodrigo-pacheco-e-um-nome-viavel-para-pre-candidato-a-presidente-da-republica-pelo-psd-diz-antonio-brito","status":"publish","type":"post","link":"https:\/\/www.sudoestehoje.com.br\/novoportal\/2021\/10\/23\/rodrigo-pacheco-e-um-nome-viavel-para-pre-candidato-a-presidente-da-republica-pelo-psd-diz-antonio-brito\/","title":{"rendered":"&#8220;RODRIGO PACHECO \u00c9 UM NOME VI\u00c1VEL PARA PR\u00c9-CANDIDATO A PRESIDENTE DA REP\u00daBLICA PELO PSD&#8221;, DIZ ANT\u00d4NIO BRITO"},"content":{"rendered":"<p><a href=\"https:\/\/www.sudoestehoje.com.br\/novoportal\/wp-content\/uploads\/2021\/10\/WhatsApp-Image-2021-10-23-at-17.37.21.jpeg\"><img loading=\"lazy\" decoding=\"async\" class=\"aligncenter size-medium wp-image-97828\" src=\"https:\/\/www.sudoestehoje.com.br\/novoportal\/wp-content\/uploads\/2021\/10\/WhatsApp-Image-2021-10-23-at-17.37.21-500x375.jpeg\" alt=\"\" width=\"500\" height=\"375\" srcset=\"https:\/\/www.sudoestehoje.com.br\/novoportal\/wp-content\/uploads\/2021\/10\/WhatsApp-Image-2021-10-23-at-17.37.21-500x375.jpeg 500w, https:\/\/www.sudoestehoje.com.br\/novoportal\/wp-content\/uploads\/2021\/10\/WhatsApp-Image-2021-10-23-at-17.37.21-700x525.jpeg 700w, https:\/\/www.sudoestehoje.com.br\/novoportal\/wp-content\/uploads\/2021\/10\/WhatsApp-Image-2021-10-23-at-17.37.21-768x576.jpeg 768w, https:\/\/www.sudoestehoje.com.br\/novoportal\/wp-content\/uploads\/2021\/10\/WhatsApp-Image-2021-10-23-at-17.37.21.jpeg 1024w\" sizes=\"auto, (max-width: 500px) 100vw, 500px\" \/><\/a><\/p>\n<p>Presente no encontro do Diret\u00f3rio do PSD do Rio de Janeiro, o l\u00edder da bancada federal do Partido Social Democr\u00e1tico (PSD), deputado Antonio Brito, celebrou a decis\u00e3o do presidente do Senado, Rodrigo Pacheco, presente no evento, se filiar a sigla, que \u00e9 presidida por Gilberto Kassab.<\/p>\n<p>&#8220;Pacheco \u00e9 um nome ideal para a terceira via. N\u00f3s estamos felizes com a chegada do presidente do Congresso Nacional e vamos receb\u00ea-lo de bra\u00e7os abertos. Para n\u00f3s \u00e9 muito importante ter candidatura \u00e0 presid\u00eancia da Rep\u00fablica&#8221;, disse o deputado.<\/p>\n<p>A filia\u00e7\u00e3o de Pacheco ao PSD ser\u00e1 oficializada na pr\u00f3xima quarta-feira, no Mem\u00f3ria JK, em Bras\u00edlia. Estiveram presentes no encontro 12 deputados federais e tr\u00eas senadores, dentre eles o baiano \u00c2ngelo Coronel.<\/p>\n","protected":false},"excerpt":{"rendered":"<p>Presente no encontro do Diret\u00f3rio do PSD do Rio de Janeiro, o l\u00edder da bancada federal do Partido Social Democr\u00e1tico (PSD), deputado Antonio Brito, celebrou a decis\u00e3o do presidente do Senado, Rodrigo Pacheco, presente no evento, se filiar a sigla, que \u00e9 presidida por Gilberto Kassab. &#8220;Pacheco \u00e9 um nome ideal para a terceira via. [&hellip;]<\/p>\n","protected":false},"author":2,"featured_media":97828,"comment_status":"open","ping_status":"open","sticky":false,"template":"","format":"standard","meta":{"footnotes":"","_links_to":"","_links_to_target":""},"categories":[1],"tags":[],"class_list":["post-97827","post","type-post","status-publish","format-standard","has-post-thumbnail","hentry","category-geral"],"views":990,"_links":{"self":[{"href":"https:\/\/www.sudoestehoje.com.br\/novoportal\/wp-json\/wp\/v2\/posts\/97827","targetHints":{"allow":["GET"]}}],"collection":[{"href":"https:\/\/www.sudoestehoje.com.br\/novoportal\/wp-json\/wp\/v2\/posts"}],"about":[{"href":"https:\/\/www.sudoestehoje.com.br\/novoportal\/wp-json\/wp\/v2\/types\/post"}],"author":[{"embeddable":true,"href":"https:\/\/www.sudoestehoje.com.br\/novoportal\/wp-json\/wp\/v2\/users\/2"}],"replies":[{"embeddable":true,"href":"https:\/\/www.sudoestehoje.com.br\/novoportal\/wp-json\/wp\/v2\/comments?post=97827"}],"version-history":[{"count":2,"href":"https:\/\/www.sudoestehoje.com.br\/novoportal\/wp-json\/wp\/v2\/posts\/97827\/revisions"}],"predecessor-version":[{"id":97830,"href":"https:\/\/www.sudoestehoje.com.br\/novoportal\/wp-json\/wp\/v2\/posts\/97827\/revisions\/97830"}],"wp:featuredmedia":[{"embeddable":true,"href":"https:\/\/www.sudoestehoje.com.br\/novoportal\/wp-json\/wp\/v2\/media\/97828"}],"wp:attachment":[{"href":"https:\/\/www.sudoestehoje.com.br\/novoportal\/wp-json\/wp\/v2\/media?parent=97827"}],"wp:term":[{"taxonomy":"category","embeddable":true,"href":"https:\/\/www.sudoestehoje.com.br\/novoportal\/wp-json\/wp\/v2\/categories?post=97827"},{"taxonomy":"post_tag","embeddable":true,"href":"https:\/\/www.sudoestehoje.com.br\/novoportal\/wp-json\/wp\/v2\/tags?post=97827"}],"curies":[{"name":"wp","href":"https:\/\/api.w.org\/{rel}","templated":true}]}}