
{"id":97823,"date":"2021-10-23T21:07:04","date_gmt":"2021-10-24T00:07:04","guid":{"rendered":"https:\/\/www.sudoestehoje.com.br\/novoportal\/?p=97823"},"modified":"2021-10-23T21:07:04","modified_gmt":"2021-10-24T00:07:04","slug":"sudoeste-trem-carregado-de-cimento-descarrila-na-zona-urbana-de-brumado","status":"publish","type":"post","link":"https:\/\/www.sudoestehoje.com.br\/novoportal\/2021\/10\/23\/sudoeste-trem-carregado-de-cimento-descarrila-na-zona-urbana-de-brumado\/","title":{"rendered":"SUDOESTE: TREM CARREGADO DE CIMENTO DESCARRILA NA ZONA URBANA DE BRUMADO"},"content":{"rendered":"<div class=\"mc-column content-text active-extra-styles \" data-block-type=\"unstyled\" data-block-weight=\"27\" data-block-id=\"2\">\n<p data-track-category=\"Link no Texto\" data-track-links=\"\"><a href=\"https:\/\/www.sudoestehoje.com.br\/novoportal\/wp-content\/uploads\/2021\/10\/750_trem-brumado-acidente_20211023182238987.jpg\"><img loading=\"lazy\" decoding=\"async\" class=\"aligncenter size-medium wp-image-97825\" src=\"https:\/\/www.sudoestehoje.com.br\/novoportal\/wp-content\/uploads\/2021\/10\/750_trem-brumado-acidente_20211023182238987-500x333.jpg\" alt=\"\" width=\"500\" height=\"333\" srcset=\"https:\/\/www.sudoestehoje.com.br\/novoportal\/wp-content\/uploads\/2021\/10\/750_trem-brumado-acidente_20211023182238987-500x333.jpg 500w, https:\/\/www.sudoestehoje.com.br\/novoportal\/wp-content\/uploads\/2021\/10\/750_trem-brumado-acidente_20211023182238987-700x467.jpg 700w, https:\/\/www.sudoestehoje.com.br\/novoportal\/wp-content\/uploads\/2021\/10\/750_trem-brumado-acidente_20211023182238987.jpg 750w\" sizes=\"auto, (max-width: 500px) 100vw, 500px\" \/><\/a><\/p>\n<p class=\"content-text__container \" data-track-category=\"Link no Texto\" data-track-links=\"\">Um trem carregado de cimento saiu dos trilhos na manh\u00e3 deste s\u00e1bado (23), quando passava por uma \u00e1rea residencial da cidade de Brumado, no sudoeste da Bahia.<\/p>\n<\/div>\n<div class=\"wall protected-content\">\n<div class=\"mc-column content-text active-extra-styles \" data-block-type=\"unstyled\" data-block-weight=\"18\" data-block-id=\"3\">\n<p class=\"content-text__container \" data-track-category=\"Link no Texto\" data-track-links=\"\">Os doze vag\u00f5es interromperam o trecho da ferrovia que passa no bairro Dr. Juracy. Ningu\u00e9m ficou ferido.<\/p>\n<\/div>\n<div class=\"mc-column content-text active-extra-styles \" data-block-type=\"unstyled\" data-block-weight=\"37\" data-block-id=\"4\">\n<p class=\"content-text__container \" data-track-category=\"Link no Texto\" data-track-links=\"\">Em nota, a empresa VLI, que administra a ferrovia, disse que equipes de manuten\u00e7\u00e3o trabalham para fazer o realinhamento dos trilhos e liberar a linha. Ainda segundo a empresa, as causas do incidente est\u00e3o sendo apuradas.<\/p>\n<\/div>\n<\/div>\n","protected":false},"excerpt":{"rendered":"<p>Um trem carregado de cimento saiu dos trilhos na manh\u00e3 deste s\u00e1bado (23), quando passava por uma \u00e1rea residencial da cidade de Brumado, no sudoeste da Bahia. Os doze vag\u00f5es interromperam o trecho da ferrovia que passa no bairro Dr. Juracy. Ningu\u00e9m ficou ferido. Em nota, a empresa VLI, que administra a ferrovia, disse que [&hellip;]<\/p>\n","protected":false},"author":2,"featured_media":97825,"comment_status":"open","ping_status":"open","sticky":false,"template":"","format":"standard","meta":{"footnotes":"","_links_to":"","_links_to_target":""},"categories":[1],"tags":[],"class_list":["post-97823","post","type-post","status-publish","format-standard","has-post-thumbnail","hentry","category-geral"],"views":1014,"_links":{"self":[{"href":"https:\/\/www.sudoestehoje.com.br\/novoportal\/wp-json\/wp\/v2\/posts\/97823","targetHints":{"allow":["GET"]}}],"collection":[{"href":"https:\/\/www.sudoestehoje.com.br\/novoportal\/wp-json\/wp\/v2\/posts"}],"about":[{"href":"https:\/\/www.sudoestehoje.com.br\/novoportal\/wp-json\/wp\/v2\/types\/post"}],"author":[{"embeddable":true,"href":"https:\/\/www.sudoestehoje.com.br\/novoportal\/wp-json\/wp\/v2\/users\/2"}],"replies":[{"embeddable":true,"href":"https:\/\/www.sudoestehoje.com.br\/novoportal\/wp-json\/wp\/v2\/comments?post=97823"}],"version-history":[{"count":2,"href":"https:\/\/www.sudoestehoje.com.br\/novoportal\/wp-json\/wp\/v2\/posts\/97823\/revisions"}],"predecessor-version":[{"id":97826,"href":"https:\/\/www.sudoestehoje.com.br\/novoportal\/wp-json\/wp\/v2\/posts\/97823\/revisions\/97826"}],"wp:featuredmedia":[{"embeddable":true,"href":"https:\/\/www.sudoestehoje.com.br\/novoportal\/wp-json\/wp\/v2\/media\/97825"}],"wp:attachment":[{"href":"https:\/\/www.sudoestehoje.com.br\/novoportal\/wp-json\/wp\/v2\/media?parent=97823"}],"wp:term":[{"taxonomy":"category","embeddable":true,"href":"https:\/\/www.sudoestehoje.com.br\/novoportal\/wp-json\/wp\/v2\/categories?post=97823"},{"taxonomy":"post_tag","embeddable":true,"href":"https:\/\/www.sudoestehoje.com.br\/novoportal\/wp-json\/wp\/v2\/tags?post=97823"}],"curies":[{"name":"wp","href":"https:\/\/api.w.org\/{rel}","templated":true}]}}