
{"id":97819,"date":"2021-10-22T22:22:38","date_gmt":"2021-10-23T01:22:38","guid":{"rendered":"https:\/\/www.sudoestehoje.com.br\/novoportal\/?p=97819"},"modified":"2021-10-22T22:22:38","modified_gmt":"2021-10-23T01:22:38","slug":"itapetinga-arroba-do-boi-cai-mas-o-preco-da-carne-continua-alto-para-o-consumidor","status":"publish","type":"post","link":"https:\/\/www.sudoestehoje.com.br\/novoportal\/2021\/10\/22\/itapetinga-arroba-do-boi-cai-mas-o-preco-da-carne-continua-alto-para-o-consumidor\/","title":{"rendered":"ITAPETINGA: ARROBA DO BOI CAI, MAS O PRE\u00c7O DA CARNE CONTINUA ALTO PARA O CONSUMIDOR"},"content":{"rendered":"<p><a href=\"https:\/\/www.sudoestehoje.com.br\/novoportal\/wp-content\/uploads\/2021\/10\/CARNE.jpg\"><img loading=\"lazy\" decoding=\"async\" class=\"aligncenter size-medium wp-image-97821\" src=\"https:\/\/www.sudoestehoje.com.br\/novoportal\/wp-content\/uploads\/2021\/10\/CARNE-500x273.jpg\" alt=\"\" width=\"500\" height=\"273\" srcset=\"https:\/\/www.sudoestehoje.com.br\/novoportal\/wp-content\/uploads\/2021\/10\/CARNE-500x273.jpg 500w, https:\/\/www.sudoestehoje.com.br\/novoportal\/wp-content\/uploads\/2021\/10\/CARNE-700x382.jpg 700w, https:\/\/www.sudoestehoje.com.br\/novoportal\/wp-content\/uploads\/2021\/10\/CARNE-768x419.jpg 768w, https:\/\/www.sudoestehoje.com.br\/novoportal\/wp-content\/uploads\/2021\/10\/CARNE.jpg 984w\" sizes=\"auto, (max-width: 500px) 100vw, 500px\" \/><\/a><\/p>\n<p>O pre\u00e7o do quilo da carne bovina tem se mantido em alta nos a\u00e7ougues de Itapetinga e regi\u00e3o, enquanto o pre\u00e7o da arroba do gado registra queda nos \u00faltimos dois meses e apresenta pre\u00e7os parecidos com os praticados no ano passado.<\/p>\n<p>Dados do Minist\u00e9rio da Agricultura apontam que, em outubro de 2020, a arroba do boi custava R$ 258 e, neste m\u00eas, chegou ao pre\u00e7o m\u00e9dio de R$ 267,92.<\/p>\n<p>Mesmo assim, o pre\u00e7o da carne para o consumidor permanece no mesmo patamar de quando a arroba de boi ultrapassava a casa dos R$ 300 reais.<\/p>\n<p>A velha pol\u00edtica do <em>&#8220;sobe, mais n\u00e3o desce&#8221;<\/em>.<\/p>\n<p><strong><em>Por Davi Ferraz<\/em><\/strong><\/p>\n","protected":false},"excerpt":{"rendered":"<p>O pre\u00e7o do quilo da carne bovina tem se mantido em alta nos a\u00e7ougues de Itapetinga e regi\u00e3o, enquanto o pre\u00e7o da arroba do gado registra queda nos \u00faltimos dois meses e apresenta pre\u00e7os parecidos com os praticados no ano passado. Dados do Minist\u00e9rio da Agricultura apontam que, em outubro de 2020, a arroba do [&hellip;]<\/p>\n","protected":false},"author":2,"featured_media":97821,"comment_status":"open","ping_status":"open","sticky":false,"template":"","format":"standard","meta":{"footnotes":"","_links_to":"","_links_to_target":""},"categories":[1],"tags":[],"class_list":["post-97819","post","type-post","status-publish","format-standard","has-post-thumbnail","hentry","category-geral"],"views":1088,"_links":{"self":[{"href":"https:\/\/www.sudoestehoje.com.br\/novoportal\/wp-json\/wp\/v2\/posts\/97819","targetHints":{"allow":["GET"]}}],"collection":[{"href":"https:\/\/www.sudoestehoje.com.br\/novoportal\/wp-json\/wp\/v2\/posts"}],"about":[{"href":"https:\/\/www.sudoestehoje.com.br\/novoportal\/wp-json\/wp\/v2\/types\/post"}],"author":[{"embeddable":true,"href":"https:\/\/www.sudoestehoje.com.br\/novoportal\/wp-json\/wp\/v2\/users\/2"}],"replies":[{"embeddable":true,"href":"https:\/\/www.sudoestehoje.com.br\/novoportal\/wp-json\/wp\/v2\/comments?post=97819"}],"version-history":[{"count":2,"href":"https:\/\/www.sudoestehoje.com.br\/novoportal\/wp-json\/wp\/v2\/posts\/97819\/revisions"}],"predecessor-version":[{"id":97822,"href":"https:\/\/www.sudoestehoje.com.br\/novoportal\/wp-json\/wp\/v2\/posts\/97819\/revisions\/97822"}],"wp:featuredmedia":[{"embeddable":true,"href":"https:\/\/www.sudoestehoje.com.br\/novoportal\/wp-json\/wp\/v2\/media\/97821"}],"wp:attachment":[{"href":"https:\/\/www.sudoestehoje.com.br\/novoportal\/wp-json\/wp\/v2\/media?parent=97819"}],"wp:term":[{"taxonomy":"category","embeddable":true,"href":"https:\/\/www.sudoestehoje.com.br\/novoportal\/wp-json\/wp\/v2\/categories?post=97819"},{"taxonomy":"post_tag","embeddable":true,"href":"https:\/\/www.sudoestehoje.com.br\/novoportal\/wp-json\/wp\/v2\/tags?post=97819"}],"curies":[{"name":"wp","href":"https:\/\/api.w.org\/{rel}","templated":true}]}}