
{"id":97811,"date":"2021-10-22T18:21:01","date_gmt":"2021-10-22T21:21:01","guid":{"rendered":"https:\/\/www.sudoestehoje.com.br\/novoportal\/?p=97811"},"modified":"2021-10-22T21:59:35","modified_gmt":"2021-10-23T00:59:35","slug":"itapetinga-denuncias-falsas-contra-a-camara-foram-arquivadas-pelo-mp","status":"publish","type":"post","link":"https:\/\/www.sudoestehoje.com.br\/novoportal\/2021\/10\/22\/itapetinga-denuncias-falsas-contra-a-camara-foram-arquivadas-pelo-mp\/","title":{"rendered":"ITAPETINGA: DEN\u00daNCIAS FALSAS CONTRA A C\u00c2MARA FORAM ARQUIVADAS PELO MP"},"content":{"rendered":"<p><a href=\"https:\/\/www.sudoestehoje.com.br\/novoportal\/wp-content\/uploads\/2021\/10\/C\u00c2MARA-PREDIO.jpg\"><img loading=\"lazy\" decoding=\"async\" class=\"aligncenter size-medium wp-image-97815\" src=\"https:\/\/www.sudoestehoje.com.br\/novoportal\/wp-content\/uploads\/2021\/10\/C\u00c2MARA-PREDIO-500x375.jpg\" alt=\"\" width=\"500\" height=\"375\" srcset=\"https:\/\/www.sudoestehoje.com.br\/novoportal\/wp-content\/uploads\/2021\/10\/C\u00c2MARA-PREDIO-500x375.jpg 500w, https:\/\/www.sudoestehoje.com.br\/novoportal\/wp-content\/uploads\/2021\/10\/C\u00c2MARA-PREDIO-700x525.jpg 700w, https:\/\/www.sudoestehoje.com.br\/novoportal\/wp-content\/uploads\/2021\/10\/C\u00c2MARA-PREDIO.jpg 768w\" sizes=\"auto, (max-width: 500px) 100vw, 500px\" \/><\/a><\/p>\n<p>Circulou em alguns blogs de Itapetinga e redes sociais, a falsa informa\u00e7\u00e3o de que o Minist\u00e9rio P\u00fablico teria &#8220;barrado&#8221; supostos projetos em tramita\u00e7\u00e3o na C\u00e2mara Municipal, <strong>que aumentariam os subs\u00eddios dos vereadores e alterariam a Lei Org\u00e2nica do Munic\u00edpio para criar o 13\u00ba sal\u00e1rio dos edis e at\u00e9 do prefeito e vice.<\/strong><\/p>\n<p>Na verdade, as <strong>FALSAS DEN\u00daNCIAS<\/strong> foram <strong>ARQUIVADAS<\/strong>\u00a0 pelo MP, que reconheceu a total improced\u00eancia das acusa\u00e7\u00f5es, por absoluta falta de provas por parte dos denunciantes e diante das informa\u00e7\u00f5es prestadas pelo jur\u00eddico do legislativo. <strong><em>Confira Nota de Esclarecimento da C\u00e2mara:<\/em><\/strong><\/p>\n<p><strong><em>&#8220;A C\u00e2mara Municipal de Itapetinga vem a p\u00fablico informar que o Minist\u00e9rio P\u00fablico Estadual arquivou den\u00fancias sobre a majora\u00e7\u00e3o dos subs\u00eddios e pagamento de f\u00e9rias e 13\u00ba sal\u00e1rio de vereadores.<\/em><\/strong><br \/>\n<strong><em>Dessa forma, ficou comprovado que n\u00e3o tramita na Casa Legislativa nenhum projeto de lei que vise ao aumento dos valores dos subs\u00eddios dos parlamentares. A tramita\u00e7\u00e3o de mat\u00e9rias legislativas pode, inclusive, ser acompanhada pela popula\u00e7\u00e3o por meio do Sistema de Apoio ao Processo Legislativo (SAPL), dispon\u00edvel no endere\u00e7o www.itapetinga.ba.leg.br.<\/em><\/strong><br \/>\n<strong><em>\u201cNo caso em exame, n\u00e3o ficou demonstrada a exist\u00eancia de lei municipal contemplando a majora\u00e7\u00e3o dos subs\u00eddios dos agentes pol\u00edticos em desacordo com a Carta Magna\u201d, afirmou o promotor de justi\u00e7a Gean Carlos Le\u00e3o na promo\u00e7\u00e3o do arquivamento das den\u00fancias.<\/em><\/strong><br \/>\n<strong><em>A C\u00e2mara de Vereadores preza pelos princ\u00edpios \u00e9ticos e morais na condu\u00e7\u00e3o de todo o processo legislativo. As sess\u00f5es s\u00e3o abertas ao p\u00fablico, transmitidas ao vivo pelo YouTube e pela R\u00e1dio Fascina\u00e7\u00e3o AM, o Di\u00e1rio Oficial do Poder Legislativo funciona normalmente, as pautas das sess\u00f5es s\u00e3o publicadas frequentemente e todo cidad\u00e3o pode obter quaisquer informa\u00e7\u00f5es necess\u00e1rias sobre a vota\u00e7\u00e3o e aprova\u00e7\u00e3o de projetos de lei e outros documentos pessoalmente na Secretaria Administrativa ou consultando a p\u00e1gina oficial da C\u00e2mara de Vereadores na internet. Tudo acontece de forma transparente, obedecendo aos princ\u00edpios da Administra\u00e7\u00e3o P\u00fablica.<\/em><\/strong><br \/>\n<strong><em>A C\u00e2mara Municipal de Itapetinga esclarece ainda que n\u00e3o houve nenhuma ilegalidade na aprova\u00e7\u00e3o da altera\u00e7\u00e3o da Lei Org\u00e2nica Municipal para prever o pagamento de f\u00e9rias e 13\u00ba sal\u00e1rio a vereadores.<\/em><\/strong><br \/>\n<strong><em>Ao analisar o caso, o promotor de justi\u00e7a concluiu que \u201cn\u00e3o se evidenciou que a C\u00e2mara Municipal de Itapetinga tenha alterado a Lei Org\u00e2nica Municipal, para nela inserir a previs\u00e3o do pagamento de f\u00e9rias e 13\u00ba sal\u00e1rio aos vereadores, prefeito e vice-prefeito, sem seguir o tr\u00e2mite legal para sua aprova\u00e7\u00e3o, ou em desacordo com a Constitui\u00e7\u00e3o Federal, j\u00e1 que reconhecida a constitucionalidade de tal previs\u00e3o pelo STF no RE n\u00ba 650.898 (Tema 484)\u201d.<\/em><\/strong><br \/>\n<strong><em>Por falta de justa causa, o promotor de justi\u00e7a promoveu o arquivamento das den\u00fancias, explicando que n\u00e3o era o caso de ado\u00e7\u00e3o de medidas extrajudiciais ou judiciais por parte do Minist\u00e9rio P\u00fablico Estadual e n\u00e3o havia a necessidade da instaura\u00e7\u00e3o de procedimento investigativo.<\/em><\/strong><br \/>\n<strong><em>Sendo assim, a C\u00e2mara de Vereadores vem reafirmar seu compromisso com o respeito ao povo de Itapetinga. Com seriedade e efici\u00eancia, os membros do Poder Legislativo Municipal seguem trabalhando pelo bem comum e pleno desenvolvimento da nossa cidade.&#8221;<\/em><\/strong><\/p>\n","protected":false},"excerpt":{"rendered":"<p>Circulou em alguns blogs de Itapetinga e redes sociais, a falsa informa\u00e7\u00e3o de que o Minist\u00e9rio P\u00fablico teria &#8220;barrado&#8221; supostos projetos em tramita\u00e7\u00e3o na C\u00e2mara Municipal, que aumentariam os subs\u00eddios dos vereadores e alterariam a Lei Org\u00e2nica do Munic\u00edpio para criar o 13\u00ba sal\u00e1rio dos edis e at\u00e9 do prefeito e vice. Na verdade, as [&hellip;]<\/p>\n","protected":false},"author":2,"featured_media":97815,"comment_status":"open","ping_status":"open","sticky":false,"template":"","format":"standard","meta":{"footnotes":"","_links_to":"","_links_to_target":""},"categories":[1],"tags":[],"class_list":["post-97811","post","type-post","status-publish","format-standard","has-post-thumbnail","hentry","category-geral"],"views":879,"_links":{"self":[{"href":"https:\/\/www.sudoestehoje.com.br\/novoportal\/wp-json\/wp\/v2\/posts\/97811","targetHints":{"allow":["GET"]}}],"collection":[{"href":"https:\/\/www.sudoestehoje.com.br\/novoportal\/wp-json\/wp\/v2\/posts"}],"about":[{"href":"https:\/\/www.sudoestehoje.com.br\/novoportal\/wp-json\/wp\/v2\/types\/post"}],"author":[{"embeddable":true,"href":"https:\/\/www.sudoestehoje.com.br\/novoportal\/wp-json\/wp\/v2\/users\/2"}],"replies":[{"embeddable":true,"href":"https:\/\/www.sudoestehoje.com.br\/novoportal\/wp-json\/wp\/v2\/comments?post=97811"}],"version-history":[{"count":6,"href":"https:\/\/www.sudoestehoje.com.br\/novoportal\/wp-json\/wp\/v2\/posts\/97811\/revisions"}],"predecessor-version":[{"id":97818,"href":"https:\/\/www.sudoestehoje.com.br\/novoportal\/wp-json\/wp\/v2\/posts\/97811\/revisions\/97818"}],"wp:featuredmedia":[{"embeddable":true,"href":"https:\/\/www.sudoestehoje.com.br\/novoportal\/wp-json\/wp\/v2\/media\/97815"}],"wp:attachment":[{"href":"https:\/\/www.sudoestehoje.com.br\/novoportal\/wp-json\/wp\/v2\/media?parent=97811"}],"wp:term":[{"taxonomy":"category","embeddable":true,"href":"https:\/\/www.sudoestehoje.com.br\/novoportal\/wp-json\/wp\/v2\/categories?post=97811"},{"taxonomy":"post_tag","embeddable":true,"href":"https:\/\/www.sudoestehoje.com.br\/novoportal\/wp-json\/wp\/v2\/tags?post=97811"}],"curies":[{"name":"wp","href":"https:\/\/api.w.org\/{rel}","templated":true}]}}