
{"id":97787,"date":"2021-10-21T19:37:50","date_gmt":"2021-10-21T22:37:50","guid":{"rendered":"https:\/\/www.sudoestehoje.com.br\/novoportal\/?p=97787"},"modified":"2021-10-22T09:07:51","modified_gmt":"2021-10-22T12:07:51","slug":"vereadora-manu-brandao-participa-de-encontro-com-acm-neto-em-ibacarai","status":"publish","type":"post","link":"https:\/\/www.sudoestehoje.com.br\/novoportal\/2021\/10\/21\/vereadora-manu-brandao-participa-de-encontro-com-acm-neto-em-ibacarai\/","title":{"rendered":"VEREADORA MANU BRAND\u00c3O PARTICIPA DE ENCONTRO COM ACM NETO EM IBICARA\u00cd"},"content":{"rendered":"<p><a href=\"https:\/\/www.sudoestehoje.com.br\/novoportal\/wp-content\/uploads\/2021\/10\/WhatsApp-Image-2021-10-21-at-16.40.47-1.jpeg\"><img loading=\"lazy\" decoding=\"async\" class=\"aligncenter size-medium wp-image-97791\" src=\"https:\/\/www.sudoestehoje.com.br\/novoportal\/wp-content\/uploads\/2021\/10\/WhatsApp-Image-2021-10-21-at-16.40.47-1-500x339.jpeg\" alt=\"\" width=\"500\" height=\"339\" srcset=\"https:\/\/www.sudoestehoje.com.br\/novoportal\/wp-content\/uploads\/2021\/10\/WhatsApp-Image-2021-10-21-at-16.40.47-1-500x339.jpeg 500w, https:\/\/www.sudoestehoje.com.br\/novoportal\/wp-content\/uploads\/2021\/10\/WhatsApp-Image-2021-10-21-at-16.40.47-1-700x474.jpeg 700w, https:\/\/www.sudoestehoje.com.br\/novoportal\/wp-content\/uploads\/2021\/10\/WhatsApp-Image-2021-10-21-at-16.40.47-1-768x520.jpeg 768w, https:\/\/www.sudoestehoje.com.br\/novoportal\/wp-content\/uploads\/2021\/10\/WhatsApp-Image-2021-10-21-at-16.40.47-1.jpeg 1242w\" sizes=\"auto, (max-width: 500px) 100vw, 500px\" \/><\/a><\/p>\n<p>Nas comemora\u00e7\u00f5es dos 69 anos de emancipa\u00e7\u00e3o pol\u00edtica da cidade de Ibicara\u00ed, no Sul do Estado, nesta quinta-feira (21), muitas lideran\u00e7as pol\u00edticas da regi\u00e3o marcaram presen\u00e7a, a exemplo da vereadora de Itapetinga Manu Brand\u00e3o (MDB), convidada especialmente pelo ex-prefeito de Salvador, ACM Neto, para acompanh\u00e1-lo no evento.<\/p>\n<p><a href=\"https:\/\/www.sudoestehoje.com.br\/novoportal\/wp-content\/uploads\/2021\/10\/WhatsApp-Image-2021-10-21-at-17.08.43.jpeg\"><img loading=\"lazy\" decoding=\"async\" class=\"aligncenter size-medium wp-image-97790\" src=\"https:\/\/www.sudoestehoje.com.br\/novoportal\/wp-content\/uploads\/2021\/10\/WhatsApp-Image-2021-10-21-at-17.08.43-500x333.jpeg\" alt=\"\" width=\"500\" height=\"333\" srcset=\"https:\/\/www.sudoestehoje.com.br\/novoportal\/wp-content\/uploads\/2021\/10\/WhatsApp-Image-2021-10-21-at-17.08.43-500x333.jpeg 500w, https:\/\/www.sudoestehoje.com.br\/novoportal\/wp-content\/uploads\/2021\/10\/WhatsApp-Image-2021-10-21-at-17.08.43-700x467.jpeg 700w, https:\/\/www.sudoestehoje.com.br\/novoportal\/wp-content\/uploads\/2021\/10\/WhatsApp-Image-2021-10-21-at-17.08.43-768x512.jpeg 768w, https:\/\/www.sudoestehoje.com.br\/novoportal\/wp-content\/uploads\/2021\/10\/WhatsApp-Image-2021-10-21-at-17.08.43.jpeg 1242w\" sizes=\"auto, (max-width: 500px) 100vw, 500px\" \/><\/a><\/p>\n<p>Manu, que \u00e9 coordenadora regional do &#8216;Move Mulher&#8217;, movimento de apoio \u00e0 pr\u00e9-candidatura de ACM Neto ao governo da Bahia, acompanhou a comitiva do prefeito Rodrigo Hagge e se destacou no evento, sendo saudada especialmente no discurso da prefeita de Ibicara\u00ed, Dra. Monalisa, m\u00e9dica com passagem por Itapetinga, colega de trabalho de Manu, que \u00e9 enfermeira renomada.<\/p>\n<p><a href=\"https:\/\/www.sudoestehoje.com.br\/novoportal\/wp-content\/uploads\/2021\/10\/WhatsApp-Image-2021-10-21-at-16.40.47-2.jpeg\"><img loading=\"lazy\" decoding=\"async\" class=\"aligncenter size-medium wp-image-97793\" src=\"https:\/\/www.sudoestehoje.com.br\/novoportal\/wp-content\/uploads\/2021\/10\/WhatsApp-Image-2021-10-21-at-16.40.47-2-500x324.jpeg\" alt=\"\" width=\"500\" height=\"324\" srcset=\"https:\/\/www.sudoestehoje.com.br\/novoportal\/wp-content\/uploads\/2021\/10\/WhatsApp-Image-2021-10-21-at-16.40.47-2-500x324.jpeg 500w, https:\/\/www.sudoestehoje.com.br\/novoportal\/wp-content\/uploads\/2021\/10\/WhatsApp-Image-2021-10-21-at-16.40.47-2-700x454.jpeg 700w, https:\/\/www.sudoestehoje.com.br\/novoportal\/wp-content\/uploads\/2021\/10\/WhatsApp-Image-2021-10-21-at-16.40.47-2-768x498.jpeg 768w, https:\/\/www.sudoestehoje.com.br\/novoportal\/wp-content\/uploads\/2021\/10\/WhatsApp-Image-2021-10-21-at-16.40.47-2.jpeg 853w\" sizes=\"auto, (max-width: 500px) 100vw, 500px\" \/><\/a><\/p>\n<p>Manu tem se destacado pela sua atua\u00e7\u00e3o firme em defesa dos direitos da mulher, dando exemplo de participa\u00e7\u00e3o e fidelidade partid\u00e1ria, o que vem sendo reconhecido e elogiado pelo prefeito Rodrigo Hagge e demais lideran\u00e7as do MDB no estado.<\/p>\n<p><strong><em>Por Davi Ferraz\u00a0<\/em><\/strong><\/p>\n","protected":false},"excerpt":{"rendered":"<p>Nas comemora\u00e7\u00f5es dos 69 anos de emancipa\u00e7\u00e3o pol\u00edtica da cidade de Ibicara\u00ed, no Sul do Estado, nesta quinta-feira (21), muitas lideran\u00e7as pol\u00edticas da regi\u00e3o marcaram presen\u00e7a, a exemplo da vereadora de Itapetinga Manu Brand\u00e3o (MDB), convidada especialmente pelo ex-prefeito de Salvador, ACM Neto, para acompanh\u00e1-lo no evento. Manu, que \u00e9 coordenadora regional do &#8216;Move Mulher&#8217;, [&hellip;]<\/p>\n","protected":false},"author":2,"featured_media":97791,"comment_status":"open","ping_status":"open","sticky":false,"template":"","format":"standard","meta":{"footnotes":"","_links_to":"","_links_to_target":""},"categories":[1],"tags":[],"class_list":["post-97787","post","type-post","status-publish","format-standard","has-post-thumbnail","hentry","category-geral"],"views":1002,"_links":{"self":[{"href":"https:\/\/www.sudoestehoje.com.br\/novoportal\/wp-json\/wp\/v2\/posts\/97787","targetHints":{"allow":["GET"]}}],"collection":[{"href":"https:\/\/www.sudoestehoje.com.br\/novoportal\/wp-json\/wp\/v2\/posts"}],"about":[{"href":"https:\/\/www.sudoestehoje.com.br\/novoportal\/wp-json\/wp\/v2\/types\/post"}],"author":[{"embeddable":true,"href":"https:\/\/www.sudoestehoje.com.br\/novoportal\/wp-json\/wp\/v2\/users\/2"}],"replies":[{"embeddable":true,"href":"https:\/\/www.sudoestehoje.com.br\/novoportal\/wp-json\/wp\/v2\/comments?post=97787"}],"version-history":[{"count":4,"href":"https:\/\/www.sudoestehoje.com.br\/novoportal\/wp-json\/wp\/v2\/posts\/97787\/revisions"}],"predecessor-version":[{"id":97806,"href":"https:\/\/www.sudoestehoje.com.br\/novoportal\/wp-json\/wp\/v2\/posts\/97787\/revisions\/97806"}],"wp:featuredmedia":[{"embeddable":true,"href":"https:\/\/www.sudoestehoje.com.br\/novoportal\/wp-json\/wp\/v2\/media\/97791"}],"wp:attachment":[{"href":"https:\/\/www.sudoestehoje.com.br\/novoportal\/wp-json\/wp\/v2\/media?parent=97787"}],"wp:term":[{"taxonomy":"category","embeddable":true,"href":"https:\/\/www.sudoestehoje.com.br\/novoportal\/wp-json\/wp\/v2\/categories?post=97787"},{"taxonomy":"post_tag","embeddable":true,"href":"https:\/\/www.sudoestehoje.com.br\/novoportal\/wp-json\/wp\/v2\/tags?post=97787"}],"curies":[{"name":"wp","href":"https:\/\/api.w.org\/{rel}","templated":true}]}}