
{"id":97772,"date":"2021-10-21T19:05:51","date_gmt":"2021-10-21T22:05:51","guid":{"rendered":"https:\/\/www.sudoestehoje.com.br\/novoportal\/?p=97772"},"modified":"2021-10-21T20:09:10","modified_gmt":"2021-10-21T23:09:10","slug":"em-ibicarai-rodrigo-hagge-reafirma-apoio-a-acm-neto-ao-governo-da-bahia","status":"publish","type":"post","link":"https:\/\/www.sudoestehoje.com.br\/novoportal\/2021\/10\/21\/em-ibicarai-rodrigo-hagge-reafirma-apoio-a-acm-neto-ao-governo-da-bahia\/","title":{"rendered":"EM IBICARA\u00cd, RODRIGO HAGGE REAFIRMA APOIO A ACM NETO AO GOVERNO DA BAHIA"},"content":{"rendered":"<p><a href=\"https:\/\/www.sudoestehoje.com.br\/novoportal\/wp-content\/uploads\/2021\/10\/WhatsApp-Image-2021-10-21-at-16.44.08-2.jpeg\"><img loading=\"lazy\" decoding=\"async\" class=\"aligncenter size-medium wp-image-97775\" src=\"https:\/\/www.sudoestehoje.com.br\/novoportal\/wp-content\/uploads\/2021\/10\/WhatsApp-Image-2021-10-21-at-16.44.08-2-500x333.jpeg\" alt=\"\" width=\"500\" height=\"333\" srcset=\"https:\/\/www.sudoestehoje.com.br\/novoportal\/wp-content\/uploads\/2021\/10\/WhatsApp-Image-2021-10-21-at-16.44.08-2-500x333.jpeg 500w, https:\/\/www.sudoestehoje.com.br\/novoportal\/wp-content\/uploads\/2021\/10\/WhatsApp-Image-2021-10-21-at-16.44.08-2-700x466.jpeg 700w, https:\/\/www.sudoestehoje.com.br\/novoportal\/wp-content\/uploads\/2021\/10\/WhatsApp-Image-2021-10-21-at-16.44.08-2-768x512.jpeg 768w, https:\/\/www.sudoestehoje.com.br\/novoportal\/wp-content\/uploads\/2021\/10\/WhatsApp-Image-2021-10-21-at-16.44.08-2.jpeg 1280w\" sizes=\"auto, (max-width: 500px) 100vw, 500px\" \/><\/a><\/p>\n<p>O prefeito de Itapetinga, Rodrigo Hagge, participou nesta quinta-feira, 21, da cerim\u00f4nia de comemora\u00e7\u00e3o aos 69 anos de emancipa\u00e7\u00e3o pol\u00edtica de Ibicara\u00ed. Ao lado da prefeita, Monalisa Tavares, e do ex-prefeito de Salvador, Acm Neto, o prefeito itapetinguense falou da sua satisfa\u00e7\u00e3o de participar do festejo junto \u00e0quela que tanto trabalhou pela sa\u00fade de Itapetinga.<\/p>\n<p><a href=\"https:\/\/www.sudoestehoje.com.br\/novoportal\/wp-content\/uploads\/2021\/10\/WhatsApp-Image-2021-10-21-at-16.44.08.jpeg\"><img loading=\"lazy\" decoding=\"async\" class=\"aligncenter size-medium wp-image-97777\" src=\"https:\/\/www.sudoestehoje.com.br\/novoportal\/wp-content\/uploads\/2021\/10\/WhatsApp-Image-2021-10-21-at-16.44.08-500x333.jpeg\" alt=\"\" width=\"500\" height=\"333\" srcset=\"https:\/\/www.sudoestehoje.com.br\/novoportal\/wp-content\/uploads\/2021\/10\/WhatsApp-Image-2021-10-21-at-16.44.08-500x333.jpeg 500w, https:\/\/www.sudoestehoje.com.br\/novoportal\/wp-content\/uploads\/2021\/10\/WhatsApp-Image-2021-10-21-at-16.44.08-700x466.jpeg 700w, https:\/\/www.sudoestehoje.com.br\/novoportal\/wp-content\/uploads\/2021\/10\/WhatsApp-Image-2021-10-21-at-16.44.08-768x512.jpeg 768w, https:\/\/www.sudoestehoje.com.br\/novoportal\/wp-content\/uploads\/2021\/10\/WhatsApp-Image-2021-10-21-at-16.44.08.jpeg 1280w\" sizes=\"auto, (max-width: 500px) 100vw, 500px\" \/><\/a><\/p>\n<p>Ao declarar seu apoio a ACM Neto, caso ele concretize sua candidatura ao governo da Bahia, Hagge falou da import\u00e2ncia da uni\u00e3o de for\u00e7as para a constru\u00e7\u00e3o de um estado mais forte.<em> &#8220;N\u00f3s estamos aqui tra\u00e7ando um novo projeto. Assim como estamos transformando nossos munic\u00edpios, tenho convic\u00e7\u00e3o que iremos, juntos, com um time jovem e competente, transformar o estado da Bahia. Todas essas lideran\u00e7as est\u00e3o dando as m\u00e3os para fazer ACM Neto governador da Bahia, para trazer de volta o for\u00e7a da juventude, a inova\u00e7\u00e3o e a criatividade&#8221;<\/em> disse Rodrigo ao lembrar que foi justamente a criatividade e a for\u00e7a do ideal de uma juventude que gerou a Itapetinga o pr\u00eamio se Cidade Excelente, conquistado na noite anterior.<\/p>\n<p><a href=\"https:\/\/www.sudoestehoje.com.br\/novoportal\/wp-content\/uploads\/2021\/10\/WhatsApp-Image-2021-10-21-at-16.44.07.jpeg\"><img loading=\"lazy\" decoding=\"async\" class=\"aligncenter size-medium wp-image-97782\" src=\"https:\/\/www.sudoestehoje.com.br\/novoportal\/wp-content\/uploads\/2021\/10\/WhatsApp-Image-2021-10-21-at-16.44.07-500x333.jpeg\" alt=\"\" width=\"500\" height=\"333\" srcset=\"https:\/\/www.sudoestehoje.com.br\/novoportal\/wp-content\/uploads\/2021\/10\/WhatsApp-Image-2021-10-21-at-16.44.07-500x333.jpeg 500w, https:\/\/www.sudoestehoje.com.br\/novoportal\/wp-content\/uploads\/2021\/10\/WhatsApp-Image-2021-10-21-at-16.44.07-700x466.jpeg 700w, https:\/\/www.sudoestehoje.com.br\/novoportal\/wp-content\/uploads\/2021\/10\/WhatsApp-Image-2021-10-21-at-16.44.07-768x512.jpeg 768w, https:\/\/www.sudoestehoje.com.br\/novoportal\/wp-content\/uploads\/2021\/10\/WhatsApp-Image-2021-10-21-at-16.44.07.jpeg 1280w\" sizes=\"auto, (max-width: 500px) 100vw, 500px\" \/><\/a><\/p>\n<p><em>&#8220;Itapetinga foi considerada uma cidade excelente em infraestrutura urbana. N\u00f3s temos o secret\u00e1rio de infraestrutura mais jovem da hist\u00f3ria do munic\u00edpio, capitaneado pelo prefeito mais jovem da hist\u00f3ria de Itapetinga&#8221;<\/em>, afirmou Hagge, pedindo aos jovens que sejam multiplicadores dessa mensagem de for\u00e7a, irrever\u00eancia e poder de transforma\u00e7\u00e3o do jovem na pol\u00edtica.<\/p>\n\n\t\t<style type=\"text\/css\">\n\t\t\t#gallery-1 {\n\t\t\t\tmargin: auto;\n\t\t\t}\n\t\t\t#gallery-1 .gallery-item {\n\t\t\t\tfloat: left;\n\t\t\t\tmargin-top: 10px;\n\t\t\t\ttext-align: center;\n\t\t\t\twidth: 33%;\n\t\t\t}\n\t\t\t#gallery-1 img {\n\t\t\t\tborder: 2px solid #cfcfcf;\n\t\t\t}\n\t\t\t#gallery-1 .gallery-caption {\n\t\t\t\tmargin-left: 0;\n\t\t\t}\n\t\t\t\/* see gallery_shortcode() in wp-includes\/media.php *\/\n\t\t<\/style>\n\t\t<div id='gallery-1' class='gallery galleryid-97772 gallery-columns-3 gallery-size-thumbnail'><dl class='gallery-item'>\n\t\t\t<dt class='gallery-icon landscape'>\n\t\t\t\t<a href='https:\/\/www.sudoestehoje.com.br\/novoportal\/2021\/10\/21\/em-ibicarai-rodrigo-hagge-reafirma-apoio-a-acm-neto-ao-governo-da-bahia\/whatsapp-image-2021-10-21-at-16-44-07-1\/'><img loading=\"lazy\" decoding=\"async\" width=\"150\" height=\"150\" src=\"https:\/\/www.sudoestehoje.com.br\/novoportal\/wp-content\/uploads\/2021\/10\/WhatsApp-Image-2021-10-21-at-16.44.07-1-150x150.jpeg\" class=\"attachment-thumbnail size-thumbnail\" alt=\"\" \/><\/a>\n\t\t\t<\/dt><\/dl><dl class='gallery-item'>\n\t\t\t<dt class='gallery-icon landscape'>\n\t\t\t\t<a href='https:\/\/www.sudoestehoje.com.br\/novoportal\/2021\/10\/21\/em-ibicarai-rodrigo-hagge-reafirma-apoio-a-acm-neto-ao-governo-da-bahia\/whatsapp-image-2021-10-21-at-16-44-07-4\/'><img loading=\"lazy\" decoding=\"async\" width=\"150\" height=\"150\" src=\"https:\/\/www.sudoestehoje.com.br\/novoportal\/wp-content\/uploads\/2021\/10\/WhatsApp-Image-2021-10-21-at-16.44.07-4-150x150.jpeg\" class=\"attachment-thumbnail size-thumbnail\" alt=\"\" \/><\/a>\n\t\t\t<\/dt><\/dl><dl class='gallery-item'>\n\t\t\t<dt class='gallery-icon landscape'>\n\t\t\t\t<a href='https:\/\/www.sudoestehoje.com.br\/novoportal\/2021\/10\/21\/em-ibicarai-rodrigo-hagge-reafirma-apoio-a-acm-neto-ao-governo-da-bahia\/whatsapp-image-2021-10-21-at-16-44-07-3\/'><img loading=\"lazy\" decoding=\"async\" width=\"150\" height=\"150\" src=\"https:\/\/www.sudoestehoje.com.br\/novoportal\/wp-content\/uploads\/2021\/10\/WhatsApp-Image-2021-10-21-at-16.44.07-3-150x150.jpeg\" class=\"attachment-thumbnail size-thumbnail\" alt=\"\" \/><\/a>\n\t\t\t<\/dt><\/dl><br style=\"clear: both\" \/><dl class='gallery-item'>\n\t\t\t<dt class='gallery-icon landscape'>\n\t\t\t\t<a href='https:\/\/www.sudoestehoje.com.br\/novoportal\/2021\/10\/21\/em-ibicarai-rodrigo-hagge-reafirma-apoio-a-acm-neto-ao-governo-da-bahia\/whatsapp-image-2021-10-21-at-16-44-07-2\/'><img loading=\"lazy\" decoding=\"async\" width=\"150\" height=\"150\" src=\"https:\/\/www.sudoestehoje.com.br\/novoportal\/wp-content\/uploads\/2021\/10\/WhatsApp-Image-2021-10-21-at-16.44.07-2-150x150.jpeg\" class=\"attachment-thumbnail size-thumbnail\" alt=\"\" \/><\/a>\n\t\t\t<\/dt><\/dl><dl class='gallery-item'>\n\t\t\t<dt class='gallery-icon landscape'>\n\t\t\t\t<a href='https:\/\/www.sudoestehoje.com.br\/novoportal\/2021\/10\/21\/em-ibicarai-rodrigo-hagge-reafirma-apoio-a-acm-neto-ao-governo-da-bahia\/whatsapp-image-2021-10-21-at-16-44-08-1\/'><img loading=\"lazy\" decoding=\"async\" width=\"150\" height=\"150\" src=\"https:\/\/www.sudoestehoje.com.br\/novoportal\/wp-content\/uploads\/2021\/10\/WhatsApp-Image-2021-10-21-at-16.44.08-1-150x150.jpeg\" class=\"attachment-thumbnail size-thumbnail\" alt=\"\" \/><\/a>\n\t\t\t<\/dt><\/dl><dl class='gallery-item'>\n\t\t\t<dt class='gallery-icon landscape'>\n\t\t\t\t<a href='https:\/\/www.sudoestehoje.com.br\/novoportal\/2021\/10\/21\/em-ibicarai-rodrigo-hagge-reafirma-apoio-a-acm-neto-ao-governo-da-bahia\/whatsapp-image-2021-10-21-at-16-44-08-3\/'><img loading=\"lazy\" decoding=\"async\" width=\"150\" height=\"150\" src=\"https:\/\/www.sudoestehoje.com.br\/novoportal\/wp-content\/uploads\/2021\/10\/WhatsApp-Image-2021-10-21-at-16.44.08-3-150x150.jpeg\" class=\"attachment-thumbnail size-thumbnail\" alt=\"\" \/><\/a>\n\t\t\t<\/dt><\/dl><br style=\"clear: both\" \/>\n\t\t<\/div>\n\n","protected":false},"excerpt":{"rendered":"<p>O prefeito de Itapetinga, Rodrigo Hagge, participou nesta quinta-feira, 21, da cerim\u00f4nia de comemora\u00e7\u00e3o aos 69 anos de emancipa\u00e7\u00e3o pol\u00edtica de Ibicara\u00ed. Ao lado da prefeita, Monalisa Tavares, e do ex-prefeito de Salvador, Acm Neto, o prefeito itapetinguense falou da sua satisfa\u00e7\u00e3o de participar do festejo junto \u00e0quela que tanto trabalhou pela sa\u00fade de Itapetinga. [&hellip;]<\/p>\n","protected":false},"author":2,"featured_media":97775,"comment_status":"open","ping_status":"open","sticky":false,"template":"","format":"standard","meta":{"footnotes":"","_links_to":"","_links_to_target":""},"categories":[1],"tags":[],"class_list":["post-97772","post","type-post","status-publish","format-standard","has-post-thumbnail","hentry","category-geral"],"views":1004,"_links":{"self":[{"href":"https:\/\/www.sudoestehoje.com.br\/novoportal\/wp-json\/wp\/v2\/posts\/97772","targetHints":{"allow":["GET"]}}],"collection":[{"href":"https:\/\/www.sudoestehoje.com.br\/novoportal\/wp-json\/wp\/v2\/posts"}],"about":[{"href":"https:\/\/www.sudoestehoje.com.br\/novoportal\/wp-json\/wp\/v2\/types\/post"}],"author":[{"embeddable":true,"href":"https:\/\/www.sudoestehoje.com.br\/novoportal\/wp-json\/wp\/v2\/users\/2"}],"replies":[{"embeddable":true,"href":"https:\/\/www.sudoestehoje.com.br\/novoportal\/wp-json\/wp\/v2\/comments?post=97772"}],"version-history":[{"count":6,"href":"https:\/\/www.sudoestehoje.com.br\/novoportal\/wp-json\/wp\/v2\/posts\/97772\/revisions"}],"predecessor-version":[{"id":97796,"href":"https:\/\/www.sudoestehoje.com.br\/novoportal\/wp-json\/wp\/v2\/posts\/97772\/revisions\/97796"}],"wp:featuredmedia":[{"embeddable":true,"href":"https:\/\/www.sudoestehoje.com.br\/novoportal\/wp-json\/wp\/v2\/media\/97775"}],"wp:attachment":[{"href":"https:\/\/www.sudoestehoje.com.br\/novoportal\/wp-json\/wp\/v2\/media?parent=97772"}],"wp:term":[{"taxonomy":"category","embeddable":true,"href":"https:\/\/www.sudoestehoje.com.br\/novoportal\/wp-json\/wp\/v2\/categories?post=97772"},{"taxonomy":"post_tag","embeddable":true,"href":"https:\/\/www.sudoestehoje.com.br\/novoportal\/wp-json\/wp\/v2\/tags?post=97772"}],"curies":[{"name":"wp","href":"https:\/\/api.w.org\/{rel}","templated":true}]}}