
{"id":97768,"date":"2021-10-21T09:02:54","date_gmt":"2021-10-21T12:02:54","guid":{"rendered":"https:\/\/www.sudoestehoje.com.br\/novoportal\/?p=97768"},"modified":"2021-10-21T09:02:54","modified_gmt":"2021-10-21T12:02:54","slug":"itapetinga-e-regiao-imet-preve-chuvas-intensas-a-partir-desta-quinta-feira","status":"publish","type":"post","link":"https:\/\/www.sudoestehoje.com.br\/novoportal\/2021\/10\/21\/itapetinga-e-regiao-imet-preve-chuvas-intensas-a-partir-desta-quinta-feira\/","title":{"rendered":"ITAPETINGA E REGI\u00c3O: IMET PREV\u00ca CHUVAS INTENSAS A PARTIR DESTA QUINTA-FEIRA"},"content":{"rendered":"<p><a href=\"https:\/\/www.sudoestehoje.com.br\/novoportal\/wp-content\/uploads\/2021\/10\/CHUVAS-HOJA.jpg\"><img loading=\"lazy\" decoding=\"async\" class=\"aligncenter size-medium wp-image-97769\" src=\"https:\/\/www.sudoestehoje.com.br\/novoportal\/wp-content\/uploads\/2021\/10\/CHUVAS-HOJA-500x375.jpg\" alt=\"\" width=\"500\" height=\"375\" srcset=\"https:\/\/www.sudoestehoje.com.br\/novoportal\/wp-content\/uploads\/2021\/10\/CHUVAS-HOJA-500x375.jpg 500w, https:\/\/www.sudoestehoje.com.br\/novoportal\/wp-content\/uploads\/2021\/10\/CHUVAS-HOJA-700x525.jpg 700w, https:\/\/www.sudoestehoje.com.br\/novoportal\/wp-content\/uploads\/2021\/10\/CHUVAS-HOJA-768x576.jpg 768w, https:\/\/www.sudoestehoje.com.br\/novoportal\/wp-content\/uploads\/2021\/10\/CHUVAS-HOJA.jpg 960w\" sizes=\"auto, (max-width: 500px) 100vw, 500px\" \/><\/a><\/p>\n<p>O Instituto Nacional de Meteorologia &#8211; IMET emitiu aviso de &#8216;Alerta Laranja&#8217;, a partir desta quinta-feira (21), prevendo a possibilidade de chuvas intensas para Itapetinga e toda a regi\u00e3o.<\/p>\n<p>De acordo com o IMET, h\u00e1 possibilidade de precipita\u00e7\u00f5es entre 30 a 60 mm\/h, com ventos intensos de 60 a 100 Km\/h, em Itapetinga e algumas cidades do M\u00e9dio Sudoeste.<\/p>\n<p>Durante a madrugada desta quinta, choveu forte, de acordo com a previs\u00e3o do Climatempo, divulgada pelo Sudoeste Hoje.<\/p>\n<p>At\u00e9 o momento, n\u00e3o h\u00e1 registros de transtornos e preju\u00edzos causados pelas chuvas de hoje.<\/p>\n<p><strong><em>Por Davi Ferraz<\/em><\/strong><\/p>\n","protected":false},"excerpt":{"rendered":"<p>O Instituto Nacional de Meteorologia &#8211; IMET emitiu aviso de &#8216;Alerta Laranja&#8217;, a partir desta quinta-feira (21), prevendo a possibilidade de chuvas intensas para Itapetinga e toda a regi\u00e3o. De acordo com o IMET, h\u00e1 possibilidade de precipita\u00e7\u00f5es entre 30 a 60 mm\/h, com ventos intensos de 60 a 100 Km\/h, em Itapetinga e algumas [&hellip;]<\/p>\n","protected":false},"author":2,"featured_media":97769,"comment_status":"open","ping_status":"open","sticky":false,"template":"","format":"standard","meta":{"footnotes":"","_links_to":"","_links_to_target":""},"categories":[1],"tags":[],"class_list":["post-97768","post","type-post","status-publish","format-standard","has-post-thumbnail","hentry","category-geral"],"views":917,"_links":{"self":[{"href":"https:\/\/www.sudoestehoje.com.br\/novoportal\/wp-json\/wp\/v2\/posts\/97768","targetHints":{"allow":["GET"]}}],"collection":[{"href":"https:\/\/www.sudoestehoje.com.br\/novoportal\/wp-json\/wp\/v2\/posts"}],"about":[{"href":"https:\/\/www.sudoestehoje.com.br\/novoportal\/wp-json\/wp\/v2\/types\/post"}],"author":[{"embeddable":true,"href":"https:\/\/www.sudoestehoje.com.br\/novoportal\/wp-json\/wp\/v2\/users\/2"}],"replies":[{"embeddable":true,"href":"https:\/\/www.sudoestehoje.com.br\/novoportal\/wp-json\/wp\/v2\/comments?post=97768"}],"version-history":[{"count":2,"href":"https:\/\/www.sudoestehoje.com.br\/novoportal\/wp-json\/wp\/v2\/posts\/97768\/revisions"}],"predecessor-version":[{"id":97771,"href":"https:\/\/www.sudoestehoje.com.br\/novoportal\/wp-json\/wp\/v2\/posts\/97768\/revisions\/97771"}],"wp:featuredmedia":[{"embeddable":true,"href":"https:\/\/www.sudoestehoje.com.br\/novoportal\/wp-json\/wp\/v2\/media\/97769"}],"wp:attachment":[{"href":"https:\/\/www.sudoestehoje.com.br\/novoportal\/wp-json\/wp\/v2\/media?parent=97768"}],"wp:term":[{"taxonomy":"category","embeddable":true,"href":"https:\/\/www.sudoestehoje.com.br\/novoportal\/wp-json\/wp\/v2\/categories?post=97768"},{"taxonomy":"post_tag","embeddable":true,"href":"https:\/\/www.sudoestehoje.com.br\/novoportal\/wp-json\/wp\/v2\/tags?post=97768"}],"curies":[{"name":"wp","href":"https:\/\/api.w.org\/{rel}","templated":true}]}}