
{"id":97765,"date":"2021-10-20T22:45:06","date_gmt":"2021-10-21T01:45:06","guid":{"rendered":"https:\/\/www.sudoestehoje.com.br\/novoportal\/?p=97765"},"modified":"2021-10-20T22:45:06","modified_gmt":"2021-10-21T01:45:06","slug":"itapetinga-completa-30-dias-de-retorno-as-aulas-presenciais-com-sucesso","status":"publish","type":"post","link":"https:\/\/www.sudoestehoje.com.br\/novoportal\/2021\/10\/20\/itapetinga-completa-30-dias-de-retorno-as-aulas-presenciais-com-sucesso\/","title":{"rendered":"ITAPETINGA COMPLETA 30 DIAS DE RETORNO \u00c0S AULAS PRESENCIAIS COM SUCESSO"},"content":{"rendered":"<p><a href=\"https:\/\/www.sudoestehoje.com.br\/novoportal\/wp-content\/uploads\/2021\/10\/aulas.jpg\"><img loading=\"lazy\" decoding=\"async\" class=\"aligncenter size-medium wp-image-97766\" src=\"https:\/\/www.sudoestehoje.com.br\/novoportal\/wp-content\/uploads\/2021\/10\/aulas-500x388.jpg\" alt=\"\" width=\"500\" height=\"388\" srcset=\"https:\/\/www.sudoestehoje.com.br\/novoportal\/wp-content\/uploads\/2021\/10\/aulas-500x388.jpg 500w, https:\/\/www.sudoestehoje.com.br\/novoportal\/wp-content\/uploads\/2021\/10\/aulas-700x543.jpg 700w, https:\/\/www.sudoestehoje.com.br\/novoportal\/wp-content\/uploads\/2021\/10\/aulas-768x596.jpg 768w, https:\/\/www.sudoestehoje.com.br\/novoportal\/wp-content\/uploads\/2021\/10\/aulas.jpg 914w\" sizes=\"auto, (max-width: 500px) 100vw, 500px\" \/><\/a><\/p>\n<p>Em 15 de setembro, a prefeitura de Itapetinga retornou as aulas presenciais nas escolas municipais. O desafio era oferecer educa\u00e7\u00e3o com mais qualidade, garantindo a seguran\u00e7a de alunos, pais, professores e toda a comunidade escolar.<\/p>\n<p>Um m\u00eas depois, a avalia\u00e7\u00e3o n\u00e3o poderia ser mais positiva. Alunos aderiram \u00e0s medidas de biosseguran\u00e7a, professores e funcion\u00e1rios t\u00eam desempenhado o seu papel de forma mais eficiente e integrada e a fam\u00edlia segue mais tranquila em rela\u00e7\u00e3o ao processo de aprendizado das crian\u00e7as e adolescentes. <em>\/\/Ascom<\/em><\/p>\n","protected":false},"excerpt":{"rendered":"<p>Em 15 de setembro, a prefeitura de Itapetinga retornou as aulas presenciais nas escolas municipais. O desafio era oferecer educa\u00e7\u00e3o com mais qualidade, garantindo a seguran\u00e7a de alunos, pais, professores e toda a comunidade escolar. Um m\u00eas depois, a avalia\u00e7\u00e3o n\u00e3o poderia ser mais positiva. Alunos aderiram \u00e0s medidas de biosseguran\u00e7a, professores e funcion\u00e1rios t\u00eam [&hellip;]<\/p>\n","protected":false},"author":2,"featured_media":97766,"comment_status":"open","ping_status":"open","sticky":false,"template":"","format":"standard","meta":{"footnotes":"","_links_to":"","_links_to_target":""},"categories":[1],"tags":[],"class_list":["post-97765","post","type-post","status-publish","format-standard","has-post-thumbnail","hentry","category-geral"],"views":864,"_links":{"self":[{"href":"https:\/\/www.sudoestehoje.com.br\/novoportal\/wp-json\/wp\/v2\/posts\/97765","targetHints":{"allow":["GET"]}}],"collection":[{"href":"https:\/\/www.sudoestehoje.com.br\/novoportal\/wp-json\/wp\/v2\/posts"}],"about":[{"href":"https:\/\/www.sudoestehoje.com.br\/novoportal\/wp-json\/wp\/v2\/types\/post"}],"author":[{"embeddable":true,"href":"https:\/\/www.sudoestehoje.com.br\/novoportal\/wp-json\/wp\/v2\/users\/2"}],"replies":[{"embeddable":true,"href":"https:\/\/www.sudoestehoje.com.br\/novoportal\/wp-json\/wp\/v2\/comments?post=97765"}],"version-history":[{"count":1,"href":"https:\/\/www.sudoestehoje.com.br\/novoportal\/wp-json\/wp\/v2\/posts\/97765\/revisions"}],"predecessor-version":[{"id":97767,"href":"https:\/\/www.sudoestehoje.com.br\/novoportal\/wp-json\/wp\/v2\/posts\/97765\/revisions\/97767"}],"wp:featuredmedia":[{"embeddable":true,"href":"https:\/\/www.sudoestehoje.com.br\/novoportal\/wp-json\/wp\/v2\/media\/97766"}],"wp:attachment":[{"href":"https:\/\/www.sudoestehoje.com.br\/novoportal\/wp-json\/wp\/v2\/media?parent=97765"}],"wp:term":[{"taxonomy":"category","embeddable":true,"href":"https:\/\/www.sudoestehoje.com.br\/novoportal\/wp-json\/wp\/v2\/categories?post=97765"},{"taxonomy":"post_tag","embeddable":true,"href":"https:\/\/www.sudoestehoje.com.br\/novoportal\/wp-json\/wp\/v2\/tags?post=97765"}],"curies":[{"name":"wp","href":"https:\/\/api.w.org\/{rel}","templated":true}]}}