
{"id":97751,"date":"2021-10-20T19:49:24","date_gmt":"2021-10-20T22:49:24","guid":{"rendered":"https:\/\/www.sudoestehoje.com.br\/novoportal\/?p=97751"},"modified":"2021-10-20T19:49:24","modified_gmt":"2021-10-20T22:49:24","slug":"itapetinga-possibilidade-de-chuva-na-madrugada-desta-quinta-e-de-95","status":"publish","type":"post","link":"https:\/\/www.sudoestehoje.com.br\/novoportal\/2021\/10\/20\/itapetinga-possibilidade-de-chuva-na-madrugada-desta-quinta-e-de-95\/","title":{"rendered":"ITAPETINGA: POSSIBILIDADE DE CHUVA NA MADRUGADA DESTA QUINTA \u00c9 DE 95%"},"content":{"rendered":"<p><a href=\"https:\/\/www.sudoestehoje.com.br\/novoportal\/wp-content\/uploads\/2021\/10\/WhatsApp-Image-2021-10-20-at-19.45.20.jpeg\"><img loading=\"lazy\" decoding=\"async\" class=\"aligncenter size-medium wp-image-97754\" src=\"https:\/\/www.sudoestehoje.com.br\/novoportal\/wp-content\/uploads\/2021\/10\/WhatsApp-Image-2021-10-20-at-19.45.20-500x375.jpeg\" alt=\"\" width=\"500\" height=\"375\" srcset=\"https:\/\/www.sudoestehoje.com.br\/novoportal\/wp-content\/uploads\/2021\/10\/WhatsApp-Image-2021-10-20-at-19.45.20-500x375.jpeg 500w, https:\/\/www.sudoestehoje.com.br\/novoportal\/wp-content\/uploads\/2021\/10\/WhatsApp-Image-2021-10-20-at-19.45.20-700x525.jpeg 700w, https:\/\/www.sudoestehoje.com.br\/novoportal\/wp-content\/uploads\/2021\/10\/WhatsApp-Image-2021-10-20-at-19.45.20-768x576.jpeg 768w, https:\/\/www.sudoestehoje.com.br\/novoportal\/wp-content\/uploads\/2021\/10\/WhatsApp-Image-2021-10-20-at-19.45.20-1536x1152.jpeg 1536w, https:\/\/www.sudoestehoje.com.br\/novoportal\/wp-content\/uploads\/2021\/10\/WhatsApp-Image-2021-10-20-at-19.45.20.jpeg 1600w\" sizes=\"auto, (max-width: 500px) 100vw, 500px\" \/><\/a><\/p>\n<p>As t\u00e3o esperadas &#8216;chuvas das \u00e1guas&#8217; ainda n\u00e3o chegaram para valer em Itapetinga e regi\u00e3o, mas as previs\u00f5es dos institutos s\u00e3o animadoras.<\/p>\n<p>De acordo com o Climatempo, a possibilidade de precipita\u00e7\u00f5es na madrugada desta quarta para quinta-feira \u00e9 de 95%,<\/p>\n<p>A previs\u00e3o \u00e9 de tempo chuvoso a partir desta quinta (21) e nos pr\u00f3ximos 15 dias.<\/p>\n<p>Vamos torcer &#8230;<\/p>\n<p><strong><em>Por Davi Ferraz<\/em><\/strong><\/p>\n","protected":false},"excerpt":{"rendered":"<p>As t\u00e3o esperadas &#8216;chuvas das \u00e1guas&#8217; ainda n\u00e3o chegaram para valer em Itapetinga e regi\u00e3o, mas as previs\u00f5es dos institutos s\u00e3o animadoras. De acordo com o Climatempo, a possibilidade de precipita\u00e7\u00f5es na madrugada desta quarta para quinta-feira \u00e9 de 95%, A previs\u00e3o \u00e9 de tempo chuvoso a partir desta quinta (21) e nos pr\u00f3ximos 15 [&hellip;]<\/p>\n","protected":false},"author":2,"featured_media":97754,"comment_status":"open","ping_status":"open","sticky":false,"template":"","format":"standard","meta":{"footnotes":"","_links_to":"","_links_to_target":""},"categories":[1],"tags":[],"class_list":["post-97751","post","type-post","status-publish","format-standard","has-post-thumbnail","hentry","category-geral"],"views":1251,"_links":{"self":[{"href":"https:\/\/www.sudoestehoje.com.br\/novoportal\/wp-json\/wp\/v2\/posts\/97751","targetHints":{"allow":["GET"]}}],"collection":[{"href":"https:\/\/www.sudoestehoje.com.br\/novoportal\/wp-json\/wp\/v2\/posts"}],"about":[{"href":"https:\/\/www.sudoestehoje.com.br\/novoportal\/wp-json\/wp\/v2\/types\/post"}],"author":[{"embeddable":true,"href":"https:\/\/www.sudoestehoje.com.br\/novoportal\/wp-json\/wp\/v2\/users\/2"}],"replies":[{"embeddable":true,"href":"https:\/\/www.sudoestehoje.com.br\/novoportal\/wp-json\/wp\/v2\/comments?post=97751"}],"version-history":[{"count":3,"href":"https:\/\/www.sudoestehoje.com.br\/novoportal\/wp-json\/wp\/v2\/posts\/97751\/revisions"}],"predecessor-version":[{"id":97755,"href":"https:\/\/www.sudoestehoje.com.br\/novoportal\/wp-json\/wp\/v2\/posts\/97751\/revisions\/97755"}],"wp:featuredmedia":[{"embeddable":true,"href":"https:\/\/www.sudoestehoje.com.br\/novoportal\/wp-json\/wp\/v2\/media\/97754"}],"wp:attachment":[{"href":"https:\/\/www.sudoestehoje.com.br\/novoportal\/wp-json\/wp\/v2\/media?parent=97751"}],"wp:term":[{"taxonomy":"category","embeddable":true,"href":"https:\/\/www.sudoestehoje.com.br\/novoportal\/wp-json\/wp\/v2\/categories?post=97751"},{"taxonomy":"post_tag","embeddable":true,"href":"https:\/\/www.sudoestehoje.com.br\/novoportal\/wp-json\/wp\/v2\/tags?post=97751"}],"curies":[{"name":"wp","href":"https:\/\/api.w.org\/{rel}","templated":true}]}}