
{"id":97725,"date":"2021-10-18T20:21:10","date_gmt":"2021-10-18T23:21:10","guid":{"rendered":"https:\/\/www.sudoestehoje.com.br\/novoportal\/?p=97725"},"modified":"2021-10-18T20:48:49","modified_gmt":"2021-10-18T23:48:49","slug":"itapetinga-engenheiro-morre-em-grave-acidente-na-ba-263-neste-domingo","status":"publish","type":"post","link":"https:\/\/www.sudoestehoje.com.br\/novoportal\/2021\/10\/18\/itapetinga-engenheiro-morre-em-grave-acidente-na-ba-263-neste-domingo\/","title":{"rendered":"ITAPETINGA: ENGENHEIRO MORRE EM GRAVE ACIDENTE NA BA-263 NESTE DOMINGO"},"content":{"rendered":"<p><a href=\"https:\/\/www.sudoestehoje.com.br\/novoportal\/wp-content\/uploads\/2021\/10\/1-WhatsApp-Image-2021-10-17-at-19.26.45.jpg\"><img loading=\"lazy\" decoding=\"async\" class=\"aligncenter size-medium wp-image-97726\" src=\"https:\/\/www.sudoestehoje.com.br\/novoportal\/wp-content\/uploads\/2021\/10\/1-WhatsApp-Image-2021-10-17-at-19.26.45-500x332.jpg\" alt=\"\" width=\"500\" height=\"332\" srcset=\"https:\/\/www.sudoestehoje.com.br\/novoportal\/wp-content\/uploads\/2021\/10\/1-WhatsApp-Image-2021-10-17-at-19.26.45-500x332.jpg 500w, https:\/\/www.sudoestehoje.com.br\/novoportal\/wp-content\/uploads\/2021\/10\/1-WhatsApp-Image-2021-10-17-at-19.26.45.jpg 640w\" sizes=\"auto, (max-width: 500px) 100vw, 500px\" \/><\/a><\/p>\n<p>Um grave acidente na Rodovia Deputada Virg\u00ednia Hagge, trecho da BA-263 entre Vit\u00f3ria da Conquista e Itapetinga, resultou na morte de um jovem neste domingo (17).<\/p>\n<p>O engenheiro Claudio Ewerton Porto Lopes, de 29 anos, retornava para Itamb\u00e9, quando o Ford Fucus captou.<\/p>\n<p>O Servi\u00e7o de Atendimento M\u00f3vel de Urg\u00eancia prestou assist\u00eancia, mas a v\u00edtima morreu no local. O corpo foi removido ao Instituto M\u00e9dico Legal em Itapetinga. <em>\/\/Blog do Anderson<\/em><\/p>\n","protected":false},"excerpt":{"rendered":"<p>Um grave acidente na Rodovia Deputada Virg\u00ednia Hagge, trecho da BA-263 entre Vit\u00f3ria da Conquista e Itapetinga, resultou na morte de um jovem neste domingo (17). O engenheiro Claudio Ewerton Porto Lopes, de 29 anos, retornava para Itamb\u00e9, quando o Ford Fucus captou. O Servi\u00e7o de Atendimento M\u00f3vel de Urg\u00eancia prestou assist\u00eancia, mas a v\u00edtima [&hellip;]<\/p>\n","protected":false},"author":2,"featured_media":97726,"comment_status":"open","ping_status":"open","sticky":false,"template":"","format":"standard","meta":{"footnotes":"","_links_to":"","_links_to_target":""},"categories":[1],"tags":[],"class_list":["post-97725","post","type-post","status-publish","format-standard","has-post-thumbnail","hentry","category-geral"],"views":1063,"_links":{"self":[{"href":"https:\/\/www.sudoestehoje.com.br\/novoportal\/wp-json\/wp\/v2\/posts\/97725","targetHints":{"allow":["GET"]}}],"collection":[{"href":"https:\/\/www.sudoestehoje.com.br\/novoportal\/wp-json\/wp\/v2\/posts"}],"about":[{"href":"https:\/\/www.sudoestehoje.com.br\/novoportal\/wp-json\/wp\/v2\/types\/post"}],"author":[{"embeddable":true,"href":"https:\/\/www.sudoestehoje.com.br\/novoportal\/wp-json\/wp\/v2\/users\/2"}],"replies":[{"embeddable":true,"href":"https:\/\/www.sudoestehoje.com.br\/novoportal\/wp-json\/wp\/v2\/comments?post=97725"}],"version-history":[{"count":2,"href":"https:\/\/www.sudoestehoje.com.br\/novoportal\/wp-json\/wp\/v2\/posts\/97725\/revisions"}],"predecessor-version":[{"id":97728,"href":"https:\/\/www.sudoestehoje.com.br\/novoportal\/wp-json\/wp\/v2\/posts\/97725\/revisions\/97728"}],"wp:featuredmedia":[{"embeddable":true,"href":"https:\/\/www.sudoestehoje.com.br\/novoportal\/wp-json\/wp\/v2\/media\/97726"}],"wp:attachment":[{"href":"https:\/\/www.sudoestehoje.com.br\/novoportal\/wp-json\/wp\/v2\/media?parent=97725"}],"wp:term":[{"taxonomy":"category","embeddable":true,"href":"https:\/\/www.sudoestehoje.com.br\/novoportal\/wp-json\/wp\/v2\/categories?post=97725"},{"taxonomy":"post_tag","embeddable":true,"href":"https:\/\/www.sudoestehoje.com.br\/novoportal\/wp-json\/wp\/v2\/tags?post=97725"}],"curies":[{"name":"wp","href":"https:\/\/api.w.org\/{rel}","templated":true}]}}