
{"id":97720,"date":"2021-10-18T18:20:05","date_gmt":"2021-10-18T21:20:05","guid":{"rendered":"https:\/\/www.sudoestehoje.com.br\/novoportal\/?p=97720"},"modified":"2021-10-18T18:20:05","modified_gmt":"2021-10-18T21:20:05","slug":"mais-da-metade-dos-baianos-ja-foi-vacinada-contra-covid-19-segundo-sesab","status":"publish","type":"post","link":"https:\/\/www.sudoestehoje.com.br\/novoportal\/2021\/10\/18\/mais-da-metade-dos-baianos-ja-foi-vacinada-contra-covid-19-segundo-sesab\/","title":{"rendered":"MAIS DA METADE DOS BAIANOS J\u00c1 FOI VACINADA CONTRA COVID-19, SEGUNDO SESAB"},"content":{"rendered":"<div class=\"mc-column content-text active-extra-styles \" data-block-type=\"unstyled\" data-block-weight=\"39\" data-block-id=\"2\">\n<p data-track-category=\"Link no Texto\" data-track-links=\"\"><a href=\"https:\/\/www.sudoestehoje.com.br\/novoportal\/wp-content\/uploads\/2021\/10\/vacina.jpg\"><img loading=\"lazy\" decoding=\"async\" class=\"aligncenter size-medium wp-image-97723\" src=\"https:\/\/www.sudoestehoje.com.br\/novoportal\/wp-content\/uploads\/2021\/10\/vacina-500x307.jpg\" alt=\"\" width=\"500\" height=\"307\" srcset=\"https:\/\/www.sudoestehoje.com.br\/novoportal\/wp-content\/uploads\/2021\/10\/vacina-500x307.jpg 500w, https:\/\/www.sudoestehoje.com.br\/novoportal\/wp-content\/uploads\/2021\/10\/vacina-700x430.jpg 700w, https:\/\/www.sudoestehoje.com.br\/novoportal\/wp-content\/uploads\/2021\/10\/vacina-768x472.jpg 768w, https:\/\/www.sudoestehoje.com.br\/novoportal\/wp-content\/uploads\/2021\/10\/vacina.jpg 984w\" sizes=\"auto, (max-width: 500px) 100vw, 500px\" \/><\/a><\/p>\n<p class=\"content-text__container \" data-track-category=\"Link no Texto\" data-track-links=\"\">Mais de 50% da popula\u00e7\u00e3o baiana com 12 anos ou mais recebeu as duas doses ou dose \u00fanica da vacina contra a Covid-19. A marca foi alcan\u00e7ada nesta segunda-feira (18), segundo informa\u00e7\u00f5es da Secretaria de Sa\u00fade da Bahia (Sesab).<\/p>\n<\/div>\n<div class=\"wall protected-content\">\n<div class=\"mc-column content-text active-extra-styles \" data-block-type=\"unstyled\" data-block-weight=\"56\" data-block-id=\"3\">\n<p class=\"content-text__container \" data-track-category=\"Link no Texto\" data-track-links=\"\">De acordo com a Sesab, ao todo 6.370.057 tomaram as duas doses da vacina ou a vacina de dose \u00fanica,\u00a0<span class=\"highlight highlighted\">o que representa 53,03% do p\u00fablico, estimado em 12.732.254<\/span>. No entanto, se for considerar a imuniza\u00e7\u00e3o apenas com a primeira dose ou dose \u00fanica, o estado j\u00e1 vacinou 81,81% da popula\u00e7\u00e3o com 12 anos ou mais.<\/p>\n<\/div>\n<div class=\"mc-column content-text active-extra-styles \" data-block-type=\"unstyled\" data-block-weight=\"17\" data-block-id=\"4\">\n<p class=\"content-text__container \" data-track-category=\"Link no Texto\" data-track-links=\"\">O boletim tamb\u00e9m detalha que 378 casos de Covid-19 foram registrados na Bahia nas \u00faltimas 24 horas.<\/p>\n<\/div>\n<div class=\"mc-column content-text active-extra-styles \" data-block-type=\"unstyled\" data-block-weight=\"36\" data-block-id=\"5\">\n<p class=\"content-text__container \" data-track-category=\"Link no Texto\" data-track-links=\"\">Ainda segundo a Sesab, oito mortes foram registradas.<\/p>\n<\/div>\n<\/div>\n","protected":false},"excerpt":{"rendered":"<p>Mais de 50% da popula\u00e7\u00e3o baiana com 12 anos ou mais recebeu as duas doses ou dose \u00fanica da vacina contra a Covid-19. A marca foi alcan\u00e7ada nesta segunda-feira (18), segundo informa\u00e7\u00f5es da Secretaria de Sa\u00fade da Bahia (Sesab). De acordo com a Sesab, ao todo 6.370.057 tomaram as duas doses da vacina ou a [&hellip;]<\/p>\n","protected":false},"author":2,"featured_media":97723,"comment_status":"open","ping_status":"open","sticky":false,"template":"","format":"standard","meta":{"footnotes":"","_links_to":"","_links_to_target":""},"categories":[1],"tags":[],"class_list":["post-97720","post","type-post","status-publish","format-standard","has-post-thumbnail","hentry","category-geral"],"views":836,"_links":{"self":[{"href":"https:\/\/www.sudoestehoje.com.br\/novoportal\/wp-json\/wp\/v2\/posts\/97720","targetHints":{"allow":["GET"]}}],"collection":[{"href":"https:\/\/www.sudoestehoje.com.br\/novoportal\/wp-json\/wp\/v2\/posts"}],"about":[{"href":"https:\/\/www.sudoestehoje.com.br\/novoportal\/wp-json\/wp\/v2\/types\/post"}],"author":[{"embeddable":true,"href":"https:\/\/www.sudoestehoje.com.br\/novoportal\/wp-json\/wp\/v2\/users\/2"}],"replies":[{"embeddable":true,"href":"https:\/\/www.sudoestehoje.com.br\/novoportal\/wp-json\/wp\/v2\/comments?post=97720"}],"version-history":[{"count":3,"href":"https:\/\/www.sudoestehoje.com.br\/novoportal\/wp-json\/wp\/v2\/posts\/97720\/revisions"}],"predecessor-version":[{"id":97724,"href":"https:\/\/www.sudoestehoje.com.br\/novoportal\/wp-json\/wp\/v2\/posts\/97720\/revisions\/97724"}],"wp:featuredmedia":[{"embeddable":true,"href":"https:\/\/www.sudoestehoje.com.br\/novoportal\/wp-json\/wp\/v2\/media\/97723"}],"wp:attachment":[{"href":"https:\/\/www.sudoestehoje.com.br\/novoportal\/wp-json\/wp\/v2\/media?parent=97720"}],"wp:term":[{"taxonomy":"category","embeddable":true,"href":"https:\/\/www.sudoestehoje.com.br\/novoportal\/wp-json\/wp\/v2\/categories?post=97720"},{"taxonomy":"post_tag","embeddable":true,"href":"https:\/\/www.sudoestehoje.com.br\/novoportal\/wp-json\/wp\/v2\/tags?post=97720"}],"curies":[{"name":"wp","href":"https:\/\/api.w.org\/{rel}","templated":true}]}}