
{"id":97711,"date":"2021-10-18T17:45:36","date_gmt":"2021-10-18T20:45:36","guid":{"rendered":"https:\/\/www.sudoestehoje.com.br\/novoportal\/?p=97711"},"modified":"2021-10-18T17:45:36","modified_gmt":"2021-10-18T20:45:36","slug":"fundacao-jose-silveira-realiza-feira-de-saude-em-bandeira-do-colonia-em-parceria-com-vereador-helder-ladeia","status":"publish","type":"post","link":"https:\/\/www.sudoestehoje.com.br\/novoportal\/2021\/10\/18\/fundacao-jose-silveira-realiza-feira-de-saude-em-bandeira-do-colonia-em-parceria-com-vereador-helder-ladeia\/","title":{"rendered":"FUNDA\u00c7\u00c3O JOS\u00c9 SILVEIRA REALIZA FEIRA DE SA\u00daDE EM BANDEIRA DO COL\u00d4NIA EM PARCERIA COM VEREADOR H\u00c9LDER LADEIA"},"content":{"rendered":"<p><a href=\"https:\/\/www.sudoestehoje.com.br\/novoportal\/wp-content\/uploads\/2021\/10\/WhatsApp-Image-2021-10-18-at-10.22.22-3.jpeg\"><img loading=\"lazy\" decoding=\"async\" class=\"aligncenter size-medium wp-image-97713\" src=\"https:\/\/www.sudoestehoje.com.br\/novoportal\/wp-content\/uploads\/2021\/10\/WhatsApp-Image-2021-10-18-at-10.22.22-3-500x375.jpeg\" alt=\"\" width=\"500\" height=\"375\" srcset=\"https:\/\/www.sudoestehoje.com.br\/novoportal\/wp-content\/uploads\/2021\/10\/WhatsApp-Image-2021-10-18-at-10.22.22-3-500x375.jpeg 500w, https:\/\/www.sudoestehoje.com.br\/novoportal\/wp-content\/uploads\/2021\/10\/WhatsApp-Image-2021-10-18-at-10.22.22-3-700x525.jpeg 700w, https:\/\/www.sudoestehoje.com.br\/novoportal\/wp-content\/uploads\/2021\/10\/WhatsApp-Image-2021-10-18-at-10.22.22-3-768x576.jpeg 768w, https:\/\/www.sudoestehoje.com.br\/novoportal\/wp-content\/uploads\/2021\/10\/WhatsApp-Image-2021-10-18-at-10.22.22-3.jpeg 1280w\" sizes=\"auto, (max-width: 500px) 100vw, 500px\" \/><\/a><\/p>\n<p>No \u00faltimo s\u00e1bado (16), a Funda\u00e7\u00e3o Jos\u00e9 Silveira\/Itapetinga realizou uma grande Feira de Sa\u00fade em especial sobre o Outubro Rosa, no Distrito de Bandeira do Col\u00f4nia, dispondo de atendimento m\u00e9dico em diversas \u00e1reas para pessoas que muito precisam e\u00a0 que por um motivo ou\u00a0 outro nem sempre conseguem se deslocar para a sede do mun\u00edcipio para realiz\u00e1-los.<\/p>\n<p><a href=\"https:\/\/www.sudoestehoje.com.br\/novoportal\/wp-content\/uploads\/2021\/10\/WhatsApp-Image-2021-10-18-at-10.22.21-1.jpeg\"><img loading=\"lazy\" decoding=\"async\" class=\"aligncenter size-medium wp-image-97717\" src=\"https:\/\/www.sudoestehoje.com.br\/novoportal\/wp-content\/uploads\/2021\/10\/WhatsApp-Image-2021-10-18-at-10.22.21-1-500x375.jpeg\" alt=\"\" width=\"500\" height=\"375\" srcset=\"https:\/\/www.sudoestehoje.com.br\/novoportal\/wp-content\/uploads\/2021\/10\/WhatsApp-Image-2021-10-18-at-10.22.21-1-500x375.jpeg 500w, https:\/\/www.sudoestehoje.com.br\/novoportal\/wp-content\/uploads\/2021\/10\/WhatsApp-Image-2021-10-18-at-10.22.21-1-700x525.jpeg 700w, https:\/\/www.sudoestehoje.com.br\/novoportal\/wp-content\/uploads\/2021\/10\/WhatsApp-Image-2021-10-18-at-10.22.21-1-768x576.jpeg 768w, https:\/\/www.sudoestehoje.com.br\/novoportal\/wp-content\/uploads\/2021\/10\/WhatsApp-Image-2021-10-18-at-10.22.21-1.jpeg 1280w\" sizes=\"auto, (max-width: 500px) 100vw, 500px\" \/><\/a><\/p>\n<p>A feira conciliou com m\u00eas de preven\u00e7\u00e3o do c\u00e2ncer de mama, o Outubro Rosa, e a conscientiza\u00e7\u00e3o do quanto \u00e9 importante detectar qualquer ind\u00edcio ou sinal da doen\u00e7a no in\u00edcio, realizando muitos atendimentos m\u00e9dicos como preventivo, ginecologia, oftalmologia, ultrassonografia entre outros.<\/p>\n<p><a href=\"https:\/\/www.sudoestehoje.com.br\/novoportal\/wp-content\/uploads\/2021\/10\/WhatsApp-Image-2021-10-18-at-10.22.22.jpeg\"><img loading=\"lazy\" decoding=\"async\" class=\"aligncenter size-medium wp-image-97716\" src=\"https:\/\/www.sudoestehoje.com.br\/novoportal\/wp-content\/uploads\/2021\/10\/WhatsApp-Image-2021-10-18-at-10.22.22-500x375.jpeg\" alt=\"\" width=\"500\" height=\"375\" srcset=\"https:\/\/www.sudoestehoje.com.br\/novoportal\/wp-content\/uploads\/2021\/10\/WhatsApp-Image-2021-10-18-at-10.22.22-500x375.jpeg 500w, https:\/\/www.sudoestehoje.com.br\/novoportal\/wp-content\/uploads\/2021\/10\/WhatsApp-Image-2021-10-18-at-10.22.22-700x525.jpeg 700w, https:\/\/www.sudoestehoje.com.br\/novoportal\/wp-content\/uploads\/2021\/10\/WhatsApp-Image-2021-10-18-at-10.22.22-768x576.jpeg 768w, https:\/\/www.sudoestehoje.com.br\/novoportal\/wp-content\/uploads\/2021\/10\/WhatsApp-Image-2021-10-18-at-10.22.22.jpeg 1280w\" sizes=\"auto, (max-width: 500px) 100vw, 500px\" \/><\/a><\/p>\n<p>O evento contou com a presen\u00e7a de autoridades pol\u00edticas e uma foi a \u00a0do sempre prestigiado deputado federal Ant\u00f4nio Brito (PSD), recebido pela maior lideran\u00e7a do distrito, o vereador H\u00e9lder de Bandeira (PSC), que mostrou o quanto \u00e9 respeitado e porque conta com a confian\u00e7a e admira\u00e7\u00e3o daqueles que acreditam em seu trabalho, j\u00e1 que tamb\u00e9m presta servi\u00e7o como colaborador da sa\u00fade e n\u00e3o mediu esfor\u00e7os para o sucesso da Feira.<\/p>\n<p><a href=\"https:\/\/www.sudoestehoje.com.br\/novoportal\/wp-content\/uploads\/2021\/10\/WhatsApp-Image-2021-10-18-at-10.22.23.jpeg\"><img loading=\"lazy\" decoding=\"async\" class=\"aligncenter size-medium wp-image-97712\" src=\"https:\/\/www.sudoestehoje.com.br\/novoportal\/wp-content\/uploads\/2021\/10\/WhatsApp-Image-2021-10-18-at-10.22.23-500x375.jpeg\" alt=\"\" width=\"500\" height=\"375\" srcset=\"https:\/\/www.sudoestehoje.com.br\/novoportal\/wp-content\/uploads\/2021\/10\/WhatsApp-Image-2021-10-18-at-10.22.23-500x375.jpeg 500w, https:\/\/www.sudoestehoje.com.br\/novoportal\/wp-content\/uploads\/2021\/10\/WhatsApp-Image-2021-10-18-at-10.22.23-700x525.jpeg 700w, https:\/\/www.sudoestehoje.com.br\/novoportal\/wp-content\/uploads\/2021\/10\/WhatsApp-Image-2021-10-18-at-10.22.23-768x576.jpeg 768w, https:\/\/www.sudoestehoje.com.br\/novoportal\/wp-content\/uploads\/2021\/10\/WhatsApp-Image-2021-10-18-at-10.22.23.jpeg 1280w\" sizes=\"auto, (max-width: 500px) 100vw, 500px\" \/><\/a><\/p>\n<p>O vereador H\u00e9lder de Bandeira presta seus agradecimentos a todos que colaboraram pra realiza\u00e7\u00e3o do evento em nome da Funda\u00e7\u00e3o Jos\u00e9 Silveira e pela visita do Deputado Ant\u00f4nio Brito, fortalecendo a Feira de Sa\u00fade: <em>\u201cMeu obrigado aos profissionais da sa\u00fade, aos amigos vereadores, ao parceiro Ant\u00f4nio Brito e todos participantes que contribu\u00edram para que tudo ocorresse com seriedade e aten\u00e7\u00e3o ao povo de meu distrito. Meu abra\u00e7o a cada um.\u201d <strong>\/\/Ascom<\/strong><\/em><\/p>\n\n\t\t<style type=\"text\/css\">\n\t\t\t#gallery-1 {\n\t\t\t\tmargin: auto;\n\t\t\t}\n\t\t\t#gallery-1 .gallery-item {\n\t\t\t\tfloat: left;\n\t\t\t\tmargin-top: 10px;\n\t\t\t\ttext-align: center;\n\t\t\t\twidth: 33%;\n\t\t\t}\n\t\t\t#gallery-1 img {\n\t\t\t\tborder: 2px solid #cfcfcf;\n\t\t\t}\n\t\t\t#gallery-1 .gallery-caption {\n\t\t\t\tmargin-left: 0;\n\t\t\t}\n\t\t\t\/* see gallery_shortcode() in wp-includes\/media.php *\/\n\t\t<\/style>\n\t\t<div id='gallery-1' class='gallery galleryid-97711 gallery-columns-3 gallery-size-thumbnail'><dl class='gallery-item'>\n\t\t\t<dt class='gallery-icon landscape'>\n\t\t\t\t<a href='https:\/\/www.sudoestehoje.com.br\/novoportal\/2021\/10\/18\/fundacao-jose-silveira-realiza-feira-de-saude-em-bandeira-do-colonia-em-parceria-com-vereador-helder-ladeia\/whatsapp-image-2021-10-18-at-10-22-22-2\/'><img loading=\"lazy\" decoding=\"async\" width=\"150\" height=\"150\" src=\"https:\/\/www.sudoestehoje.com.br\/novoportal\/wp-content\/uploads\/2021\/10\/WhatsApp-Image-2021-10-18-at-10.22.22-2-150x150.jpeg\" class=\"attachment-thumbnail size-thumbnail\" alt=\"\" \/><\/a>\n\t\t\t<\/dt><\/dl><dl class='gallery-item'>\n\t\t\t<dt class='gallery-icon landscape'>\n\t\t\t\t<a href='https:\/\/www.sudoestehoje.com.br\/novoportal\/2021\/10\/18\/fundacao-jose-silveira-realiza-feira-de-saude-em-bandeira-do-colonia-em-parceria-com-vereador-helder-ladeia\/whatsapp-image-2021-10-18-at-10-22-22-1\/'><img loading=\"lazy\" decoding=\"async\" width=\"150\" height=\"150\" src=\"https:\/\/www.sudoestehoje.com.br\/novoportal\/wp-content\/uploads\/2021\/10\/WhatsApp-Image-2021-10-18-at-10.22.22-1-150x150.jpeg\" class=\"attachment-thumbnail size-thumbnail\" alt=\"\" \/><\/a>\n\t\t\t<\/dt><\/dl><dl class='gallery-item'>\n\t\t\t<dt class='gallery-icon landscape'>\n\t\t\t\t<a href='https:\/\/www.sudoestehoje.com.br\/novoportal\/2021\/10\/18\/fundacao-jose-silveira-realiza-feira-de-saude-em-bandeira-do-colonia-em-parceria-com-vereador-helder-ladeia\/whatsapp-image-2021-10-18-at-10-22-21\/'><img loading=\"lazy\" decoding=\"async\" width=\"150\" height=\"150\" src=\"https:\/\/www.sudoestehoje.com.br\/novoportal\/wp-content\/uploads\/2021\/10\/WhatsApp-Image-2021-10-18-at-10.22.21-150x150.jpeg\" class=\"attachment-thumbnail size-thumbnail\" alt=\"\" \/><\/a>\n\t\t\t<\/dt><\/dl><br style=\"clear: both\" \/>\n\t\t<\/div>\n\n","protected":false},"excerpt":{"rendered":"<p>No \u00faltimo s\u00e1bado (16), a Funda\u00e7\u00e3o Jos\u00e9 Silveira\/Itapetinga realizou uma grande Feira de Sa\u00fade em especial sobre o Outubro Rosa, no Distrito de Bandeira do Col\u00f4nia, dispondo de atendimento m\u00e9dico em diversas \u00e1reas para pessoas que muito precisam e\u00a0 que por um motivo ou\u00a0 outro nem sempre conseguem se deslocar para a sede do mun\u00edcipio [&hellip;]<\/p>\n","protected":false},"author":2,"featured_media":97713,"comment_status":"open","ping_status":"open","sticky":false,"template":"","format":"standard","meta":{"footnotes":"","_links_to":"","_links_to_target":""},"categories":[1],"tags":[],"class_list":["post-97711","post","type-post","status-publish","format-standard","has-post-thumbnail","hentry","category-geral"],"views":1027,"_links":{"self":[{"href":"https:\/\/www.sudoestehoje.com.br\/novoportal\/wp-json\/wp\/v2\/posts\/97711","targetHints":{"allow":["GET"]}}],"collection":[{"href":"https:\/\/www.sudoestehoje.com.br\/novoportal\/wp-json\/wp\/v2\/posts"}],"about":[{"href":"https:\/\/www.sudoestehoje.com.br\/novoportal\/wp-json\/wp\/v2\/types\/post"}],"author":[{"embeddable":true,"href":"https:\/\/www.sudoestehoje.com.br\/novoportal\/wp-json\/wp\/v2\/users\/2"}],"replies":[{"embeddable":true,"href":"https:\/\/www.sudoestehoje.com.br\/novoportal\/wp-json\/wp\/v2\/comments?post=97711"}],"version-history":[{"count":1,"href":"https:\/\/www.sudoestehoje.com.br\/novoportal\/wp-json\/wp\/v2\/posts\/97711\/revisions"}],"predecessor-version":[{"id":97719,"href":"https:\/\/www.sudoestehoje.com.br\/novoportal\/wp-json\/wp\/v2\/posts\/97711\/revisions\/97719"}],"wp:featuredmedia":[{"embeddable":true,"href":"https:\/\/www.sudoestehoje.com.br\/novoportal\/wp-json\/wp\/v2\/media\/97713"}],"wp:attachment":[{"href":"https:\/\/www.sudoestehoje.com.br\/novoportal\/wp-json\/wp\/v2\/media?parent=97711"}],"wp:term":[{"taxonomy":"category","embeddable":true,"href":"https:\/\/www.sudoestehoje.com.br\/novoportal\/wp-json\/wp\/v2\/categories?post=97711"},{"taxonomy":"post_tag","embeddable":true,"href":"https:\/\/www.sudoestehoje.com.br\/novoportal\/wp-json\/wp\/v2\/tags?post=97711"}],"curies":[{"name":"wp","href":"https:\/\/api.w.org\/{rel}","templated":true}]}}