
{"id":97705,"date":"2021-10-18T14:10:39","date_gmt":"2021-10-18T17:10:39","guid":{"rendered":"https:\/\/www.sudoestehoje.com.br\/novoportal\/?p=97705"},"modified":"2021-10-18T14:10:39","modified_gmt":"2021-10-18T17:10:39","slug":"fundacao-jose-silveira-promove-acao-voltada-ao-outubro-rosa-em-itapetinga","status":"publish","type":"post","link":"https:\/\/www.sudoestehoje.com.br\/novoportal\/2021\/10\/18\/fundacao-jose-silveira-promove-acao-voltada-ao-outubro-rosa-em-itapetinga\/","title":{"rendered":"FUNDA\u00c7\u00c3O JOS\u00c9 SILVEIRA PROMOVE A\u00c7\u00c3O VOLTADA AO OUTUBRO ROSA EM ITAPETINGA"},"content":{"rendered":"<p><a href=\"https:\/\/www.sudoestehoje.com.br\/novoportal\/wp-content\/uploads\/2021\/10\/WhatsApp-Image-2021-10-18-at-11.35.33.jpeg\"><img loading=\"lazy\" decoding=\"async\" class=\"aligncenter size-medium wp-image-97706\" src=\"https:\/\/www.sudoestehoje.com.br\/novoportal\/wp-content\/uploads\/2021\/10\/WhatsApp-Image-2021-10-18-at-11.35.33-500x279.jpeg\" alt=\"\" width=\"500\" height=\"279\" srcset=\"https:\/\/www.sudoestehoje.com.br\/novoportal\/wp-content\/uploads\/2021\/10\/WhatsApp-Image-2021-10-18-at-11.35.33-500x279.jpeg 500w, https:\/\/www.sudoestehoje.com.br\/novoportal\/wp-content\/uploads\/2021\/10\/WhatsApp-Image-2021-10-18-at-11.35.33-700x390.jpeg 700w, https:\/\/www.sudoestehoje.com.br\/novoportal\/wp-content\/uploads\/2021\/10\/WhatsApp-Image-2021-10-18-at-11.35.33-768x428.jpeg 768w, https:\/\/www.sudoestehoje.com.br\/novoportal\/wp-content\/uploads\/2021\/10\/WhatsApp-Image-2021-10-18-at-11.35.33.jpeg 1242w\" sizes=\"auto, (max-width: 500px) 100vw, 500px\" \/><\/a><\/p>\n<p>A Funda\u00e7\u00e3o Jos\u00e9 Silveira realizou cerca de 1.500 atendimentos por meio da A\u00e7\u00e3o de Sa\u00fade, dos dias 13 a 16 de outubro.\u00a0A a\u00e7\u00e3o promovida nos bairros Nova Itapetinga, S\u00e3o Francisco de Assis e Am\u00e9rico Nogueira, al\u00e9m do distrito de Bandeira do Col\u00f4nia, integra a programa\u00e7\u00e3o do Outubro Rosa.<\/p>\n<p><a href=\"https:\/\/www.sudoestehoje.com.br\/novoportal\/wp-content\/uploads\/2021\/10\/WhatsApp-Image-2021-10-18-at-11.35.33-1.jpeg\"><img loading=\"lazy\" decoding=\"async\" class=\"aligncenter size-medium wp-image-97707\" src=\"https:\/\/www.sudoestehoje.com.br\/novoportal\/wp-content\/uploads\/2021\/10\/WhatsApp-Image-2021-10-18-at-11.35.33-1-500x273.jpeg\" alt=\"\" width=\"500\" height=\"273\" srcset=\"https:\/\/www.sudoestehoje.com.br\/novoportal\/wp-content\/uploads\/2021\/10\/WhatsApp-Image-2021-10-18-at-11.35.33-1-500x273.jpeg 500w, https:\/\/www.sudoestehoje.com.br\/novoportal\/wp-content\/uploads\/2021\/10\/WhatsApp-Image-2021-10-18-at-11.35.33-1-700x382.jpeg 700w, https:\/\/www.sudoestehoje.com.br\/novoportal\/wp-content\/uploads\/2021\/10\/WhatsApp-Image-2021-10-18-at-11.35.33-1-768x419.jpeg 768w, https:\/\/www.sudoestehoje.com.br\/novoportal\/wp-content\/uploads\/2021\/10\/WhatsApp-Image-2021-10-18-at-11.35.33-1.jpeg 1242w\" sizes=\"auto, (max-width: 500px) 100vw, 500px\" \/><\/a><\/p>\n<p>Nos quatro dias da A\u00e7\u00e3o de Sa\u00fade, foram realizados exames nas especialidades Ginecologia, Mastologia, Cl\u00ednica M\u00e9dica, Cardiologia, Oftalmologia e Odontologia, al\u00e9m de Mamografia, Ultrassonografia, Exame Preventivo e Raio-X.<\/p>\n<p><a href=\"https:\/\/www.sudoestehoje.com.br\/novoportal\/wp-content\/uploads\/2021\/10\/WhatsApp-Image-2021-10-18-at-11.35.33-2.jpeg\"><img loading=\"lazy\" decoding=\"async\" class=\"aligncenter size-medium wp-image-97708\" src=\"https:\/\/www.sudoestehoje.com.br\/novoportal\/wp-content\/uploads\/2021\/10\/WhatsApp-Image-2021-10-18-at-11.35.33-2-500x274.jpeg\" alt=\"\" width=\"500\" height=\"274\" srcset=\"https:\/\/www.sudoestehoje.com.br\/novoportal\/wp-content\/uploads\/2021\/10\/WhatsApp-Image-2021-10-18-at-11.35.33-2-500x274.jpeg 500w, https:\/\/www.sudoestehoje.com.br\/novoportal\/wp-content\/uploads\/2021\/10\/WhatsApp-Image-2021-10-18-at-11.35.33-2-700x383.jpeg 700w, https:\/\/www.sudoestehoje.com.br\/novoportal\/wp-content\/uploads\/2021\/10\/WhatsApp-Image-2021-10-18-at-11.35.33-2-768x420.jpeg 768w, https:\/\/www.sudoestehoje.com.br\/novoportal\/wp-content\/uploads\/2021\/10\/WhatsApp-Image-2021-10-18-at-11.35.33-2.jpeg 1242w\" sizes=\"auto, (max-width: 500px) 100vw, 500px\" \/><\/a><\/p>\n<p>Institui\u00e7\u00e3o madrinha da campanha Outubro Rosa na Bahia, a Funda\u00e7\u00e3o Jos\u00e9 Silveira promove, h\u00e1 12 anos, atividades voltadas \u00e0 conscientiza\u00e7\u00e3o e preven\u00e7\u00e3o do c\u00e2ncer de mama.<\/p>\n","protected":false},"excerpt":{"rendered":"<p>A Funda\u00e7\u00e3o Jos\u00e9 Silveira realizou cerca de 1.500 atendimentos por meio da A\u00e7\u00e3o de Sa\u00fade, dos dias 13 a 16 de outubro.\u00a0A a\u00e7\u00e3o promovida nos bairros Nova Itapetinga, S\u00e3o Francisco de Assis e Am\u00e9rico Nogueira, al\u00e9m do distrito de Bandeira do Col\u00f4nia, integra a programa\u00e7\u00e3o do Outubro Rosa. Nos quatro dias da A\u00e7\u00e3o de Sa\u00fade, [&hellip;]<\/p>\n","protected":false},"author":2,"featured_media":97706,"comment_status":"open","ping_status":"open","sticky":false,"template":"","format":"standard","meta":{"footnotes":"","_links_to":"","_links_to_target":""},"categories":[1],"tags":[],"class_list":["post-97705","post","type-post","status-publish","format-standard","has-post-thumbnail","hentry","category-geral"],"views":1020,"_links":{"self":[{"href":"https:\/\/www.sudoestehoje.com.br\/novoportal\/wp-json\/wp\/v2\/posts\/97705","targetHints":{"allow":["GET"]}}],"collection":[{"href":"https:\/\/www.sudoestehoje.com.br\/novoportal\/wp-json\/wp\/v2\/posts"}],"about":[{"href":"https:\/\/www.sudoestehoje.com.br\/novoportal\/wp-json\/wp\/v2\/types\/post"}],"author":[{"embeddable":true,"href":"https:\/\/www.sudoestehoje.com.br\/novoportal\/wp-json\/wp\/v2\/users\/2"}],"replies":[{"embeddable":true,"href":"https:\/\/www.sudoestehoje.com.br\/novoportal\/wp-json\/wp\/v2\/comments?post=97705"}],"version-history":[{"count":2,"href":"https:\/\/www.sudoestehoje.com.br\/novoportal\/wp-json\/wp\/v2\/posts\/97705\/revisions"}],"predecessor-version":[{"id":97710,"href":"https:\/\/www.sudoestehoje.com.br\/novoportal\/wp-json\/wp\/v2\/posts\/97705\/revisions\/97710"}],"wp:featuredmedia":[{"embeddable":true,"href":"https:\/\/www.sudoestehoje.com.br\/novoportal\/wp-json\/wp\/v2\/media\/97706"}],"wp:attachment":[{"href":"https:\/\/www.sudoestehoje.com.br\/novoportal\/wp-json\/wp\/v2\/media?parent=97705"}],"wp:term":[{"taxonomy":"category","embeddable":true,"href":"https:\/\/www.sudoestehoje.com.br\/novoportal\/wp-json\/wp\/v2\/categories?post=97705"},{"taxonomy":"post_tag","embeddable":true,"href":"https:\/\/www.sudoestehoje.com.br\/novoportal\/wp-json\/wp\/v2\/tags?post=97705"}],"curies":[{"name":"wp","href":"https:\/\/api.w.org\/{rel}","templated":true}]}}