
{"id":97685,"date":"2021-10-16T21:01:55","date_gmt":"2021-10-17T00:01:55","guid":{"rendered":"https:\/\/www.sudoestehoje.com.br\/novoportal\/?p=97685"},"modified":"2021-10-16T21:01:55","modified_gmt":"2021-10-17T00:01:55","slug":"bahia-registra-357-casos-e-10-mortes-por-covid-19-nas-ultimas-24-horas","status":"publish","type":"post","link":"https:\/\/www.sudoestehoje.com.br\/novoportal\/2021\/10\/16\/bahia-registra-357-casos-e-10-mortes-por-covid-19-nas-ultimas-24-horas\/","title":{"rendered":"BAHIA REGISTRA 357 CASOS E 10 MORTES POR COVID-19 NAS \u00daLTIMAS 24 HORAS"},"content":{"rendered":"<p><a href=\"https:\/\/www.sudoestehoje.com.br\/novoportal\/wp-content\/uploads\/2021\/10\/diagnostico_laboratorial_de_casos_suspeitos_do_novo_coronavirus_2801209411-1000x530-1.jpg\"><img loading=\"lazy\" decoding=\"async\" class=\"aligncenter size-medium wp-image-97686\" src=\"https:\/\/www.sudoestehoje.com.br\/novoportal\/wp-content\/uploads\/2021\/10\/diagnostico_laboratorial_de_casos_suspeitos_do_novo_coronavirus_2801209411-1000x530-1-500x265.jpg\" alt=\"\" width=\"500\" height=\"265\" srcset=\"https:\/\/www.sudoestehoje.com.br\/novoportal\/wp-content\/uploads\/2021\/10\/diagnostico_laboratorial_de_casos_suspeitos_do_novo_coronavirus_2801209411-1000x530-1-500x265.jpg 500w, https:\/\/www.sudoestehoje.com.br\/novoportal\/wp-content\/uploads\/2021\/10\/diagnostico_laboratorial_de_casos_suspeitos_do_novo_coronavirus_2801209411-1000x530-1-700x371.jpg 700w, https:\/\/www.sudoestehoje.com.br\/novoportal\/wp-content\/uploads\/2021\/10\/diagnostico_laboratorial_de_casos_suspeitos_do_novo_coronavirus_2801209411-1000x530-1-768x407.jpg 768w, https:\/\/www.sudoestehoje.com.br\/novoportal\/wp-content\/uploads\/2021\/10\/diagnostico_laboratorial_de_casos_suspeitos_do_novo_coronavirus_2801209411-1000x530-1.jpg 1000w\" sizes=\"auto, (max-width: 500px) 100vw, 500px\" \/><\/a><\/p>\n<p>Na Bahia, nas \u00faltimas 24 horas, foram registrados 357 casos de Covid-19 (taxa de crescimento de +0,03%) e 428 recuperados (+0,04%). O boletim epidemiol\u00f3gico deste s\u00e1bado (16), tamb\u00e9m registra 10 \u00f3bitos. Dos 1.239.650 casos confirmados desde o in\u00edcio da pandemia, 1.210.465 j\u00e1 s\u00e3o considerados recuperados, 2.218 encontram-se ativos e 26.967 tiveram \u00f3bito confirmado.<\/p>\n<p>O boletim epidemiol\u00f3gico contabiliza ainda 1.560.358casos descartados e 241.457 em investiga\u00e7\u00e3o. Estes dados representam notifica\u00e7\u00f5es oficiais compiladas pela Diretoria de Vigil\u00e2ncia Epidemiol\u00f3gica em Sa\u00fade da Bahia (Divep-BA), em conjunto com as vigil\u00e2ncias municipais e as bases de dados do Minist\u00e9rio da Sa\u00fade at\u00e9 as 17 horas deste s\u00e1bado. Na Bahia, 52.159 profissionais da sa\u00fade foram confirmados para Covid-19.<\/p>\n<p><strong>Vacina\u00e7\u00e3o<\/strong><\/p>\n<p>Com 10.407.590 vacinados contra o coronav\u00edrus (Covid-19) com a primeira dose ou dose \u00fanica, a Bahia j\u00e1 vacinou 81.74% da popula\u00e7\u00e3o com 12 anos ou mais, estimada em 12.732.254.<\/p>\n","protected":false},"excerpt":{"rendered":"<p>Na Bahia, nas \u00faltimas 24 horas, foram registrados 357 casos de Covid-19 (taxa de crescimento de +0,03%) e 428 recuperados (+0,04%). O boletim epidemiol\u00f3gico deste s\u00e1bado (16), tamb\u00e9m registra 10 \u00f3bitos. Dos 1.239.650 casos confirmados desde o in\u00edcio da pandemia, 1.210.465 j\u00e1 s\u00e3o considerados recuperados, 2.218 encontram-se ativos e 26.967 tiveram \u00f3bito confirmado. O boletim [&hellip;]<\/p>\n","protected":false},"author":2,"featured_media":97686,"comment_status":"open","ping_status":"open","sticky":false,"template":"","format":"standard","meta":{"footnotes":"","_links_to":"","_links_to_target":""},"categories":[1],"tags":[],"class_list":["post-97685","post","type-post","status-publish","format-standard","has-post-thumbnail","hentry","category-geral"],"views":813,"_links":{"self":[{"href":"https:\/\/www.sudoestehoje.com.br\/novoportal\/wp-json\/wp\/v2\/posts\/97685","targetHints":{"allow":["GET"]}}],"collection":[{"href":"https:\/\/www.sudoestehoje.com.br\/novoportal\/wp-json\/wp\/v2\/posts"}],"about":[{"href":"https:\/\/www.sudoestehoje.com.br\/novoportal\/wp-json\/wp\/v2\/types\/post"}],"author":[{"embeddable":true,"href":"https:\/\/www.sudoestehoje.com.br\/novoportal\/wp-json\/wp\/v2\/users\/2"}],"replies":[{"embeddable":true,"href":"https:\/\/www.sudoestehoje.com.br\/novoportal\/wp-json\/wp\/v2\/comments?post=97685"}],"version-history":[{"count":1,"href":"https:\/\/www.sudoestehoje.com.br\/novoportal\/wp-json\/wp\/v2\/posts\/97685\/revisions"}],"predecessor-version":[{"id":97687,"href":"https:\/\/www.sudoestehoje.com.br\/novoportal\/wp-json\/wp\/v2\/posts\/97685\/revisions\/97687"}],"wp:featuredmedia":[{"embeddable":true,"href":"https:\/\/www.sudoestehoje.com.br\/novoportal\/wp-json\/wp\/v2\/media\/97686"}],"wp:attachment":[{"href":"https:\/\/www.sudoestehoje.com.br\/novoportal\/wp-json\/wp\/v2\/media?parent=97685"}],"wp:term":[{"taxonomy":"category","embeddable":true,"href":"https:\/\/www.sudoestehoje.com.br\/novoportal\/wp-json\/wp\/v2\/categories?post=97685"},{"taxonomy":"post_tag","embeddable":true,"href":"https:\/\/www.sudoestehoje.com.br\/novoportal\/wp-json\/wp\/v2\/tags?post=97685"}],"curies":[{"name":"wp","href":"https:\/\/api.w.org\/{rel}","templated":true}]}}