
{"id":97679,"date":"2021-10-15T23:32:10","date_gmt":"2021-10-16T02:32:10","guid":{"rendered":"https:\/\/www.sudoestehoje.com.br\/novoportal\/?p=97679"},"modified":"2021-10-15T23:32:10","modified_gmt":"2021-10-16T02:32:10","slug":"caatiba-secretaria-de-assistencia-social-comemorou-o-dia-das-criancas","status":"publish","type":"post","link":"https:\/\/www.sudoestehoje.com.br\/novoportal\/2021\/10\/15\/caatiba-secretaria-de-assistencia-social-comemorou-o-dia-das-criancas\/","title":{"rendered":"CAATIBA: SECRETARIA DE ASSIST\u00caNCIA SOCIAL COMEMOROU O DIA DAS CRIAN\u00c7AS"},"content":{"rendered":"<p><a href=\"https:\/\/www.sudoestehoje.com.br\/novoportal\/wp-content\/uploads\/2021\/10\/cat1.jpg\"><img loading=\"lazy\" decoding=\"async\" class=\"aligncenter size-medium wp-image-97680\" src=\"https:\/\/www.sudoestehoje.com.br\/novoportal\/wp-content\/uploads\/2021\/10\/cat1-500x353.jpg\" alt=\"\" width=\"500\" height=\"353\" srcset=\"https:\/\/www.sudoestehoje.com.br\/novoportal\/wp-content\/uploads\/2021\/10\/cat1-500x353.jpg 500w, https:\/\/www.sudoestehoje.com.br\/novoportal\/wp-content\/uploads\/2021\/10\/cat1-700x495.jpg 700w, https:\/\/www.sudoestehoje.com.br\/novoportal\/wp-content\/uploads\/2021\/10\/cat1-768x543.jpg 768w, https:\/\/www.sudoestehoje.com.br\/novoportal\/wp-content\/uploads\/2021\/10\/cat1-1536x1085.jpg 1536w, https:\/\/www.sudoestehoje.com.br\/novoportal\/wp-content\/uploads\/2021\/10\/cat1.jpg 1860w\" sizes=\"auto, (max-width: 500px) 100vw, 500px\" \/><\/a><\/p>\n<p>Com total apoio da Prefeitura Municipal de Caatiba, a Secretaria Municipal de Assist\u00eancia Social atrav\u00e9s do Programa Crian\u00e7a Feliz no SUAS, juntamente com os grupos do Servi\u00e7o de Conviv\u00eancia e Fortalecimento de V\u00ednculos, Zumba Kids e futebol, realizou o Dia das Crian\u00e7as em diversos espa\u00e7os de lazer do munic\u00edpio.<\/p>\n<p><a href=\"https:\/\/www.sudoestehoje.com.br\/novoportal\/wp-content\/uploads\/2021\/10\/cat-2.jpg\"><img loading=\"lazy\" decoding=\"async\" class=\"aligncenter size-medium wp-image-97681\" src=\"https:\/\/www.sudoestehoje.com.br\/novoportal\/wp-content\/uploads\/2021\/10\/cat-2-500x333.jpg\" alt=\"\" width=\"500\" height=\"333\" srcset=\"https:\/\/www.sudoestehoje.com.br\/novoportal\/wp-content\/uploads\/2021\/10\/cat-2-500x333.jpg 500w, https:\/\/www.sudoestehoje.com.br\/novoportal\/wp-content\/uploads\/2021\/10\/cat-2-700x467.jpg 700w, https:\/\/www.sudoestehoje.com.br\/novoportal\/wp-content\/uploads\/2021\/10\/cat-2-768x512.jpg 768w, https:\/\/www.sudoestehoje.com.br\/novoportal\/wp-content\/uploads\/2021\/10\/cat-2-1536x1024.jpg 1536w, https:\/\/www.sudoestehoje.com.br\/novoportal\/wp-content\/uploads\/2021\/10\/cat-2.jpg 1860w\" sizes=\"auto, (max-width: 500px) 100vw, 500px\" \/><\/a><\/p>\n<p>A programa\u00e7\u00e3o em dias alternados, foi iniciada na quadra de esportes com a turminha do zumba Kids; j\u00e1 no Est\u00e1dio Artur Leite aconteceu a comemora\u00e7\u00e3o com as crian\u00e7as do futebol e por fim, foi elaborado uma linda festa no equipamento do CRAS com as crian\u00e7as do Programa Crian\u00e7a Feliz.<\/p>\n<p>Em todos esses momentos houve muitas brincadeiras, distribui\u00e7\u00e3o de brinquedos e muitas guloseimas, deixando o dia em homenagem aos pequenos ainda mais feliz.<\/p>\n<p><a href=\"https:\/\/www.sudoestehoje.com.br\/novoportal\/wp-content\/uploads\/2021\/10\/cat-3.jpg\"><img loading=\"lazy\" decoding=\"async\" class=\"aligncenter size-medium wp-image-97682\" src=\"https:\/\/www.sudoestehoje.com.br\/novoportal\/wp-content\/uploads\/2021\/10\/cat-3-500x375.jpg\" alt=\"\" width=\"500\" height=\"375\" srcset=\"https:\/\/www.sudoestehoje.com.br\/novoportal\/wp-content\/uploads\/2021\/10\/cat-3-500x375.jpg 500w, https:\/\/www.sudoestehoje.com.br\/novoportal\/wp-content\/uploads\/2021\/10\/cat-3-700x525.jpg 700w, https:\/\/www.sudoestehoje.com.br\/novoportal\/wp-content\/uploads\/2021\/10\/cat-3-768x576.jpg 768w, https:\/\/www.sudoestehoje.com.br\/novoportal\/wp-content\/uploads\/2021\/10\/cat-3-1536x1152.jpg 1536w, https:\/\/www.sudoestehoje.com.br\/novoportal\/wp-content\/uploads\/2021\/10\/cat-3.jpg 1860w\" sizes=\"auto, (max-width: 500px) 100vw, 500px\" \/><\/a><\/p>\n<p>Al\u00e9m da equipe dos setores respons\u00e1veis, o evento em comemora\u00e7\u00e3o ao dia das crian\u00e7as contou com a participa\u00e7\u00e3o da Secret\u00e1ria de Assist\u00eancia Social Moyana Mendes, da Prefeita T\u00e2nia Ribeiro e do Vice Humberto Antunes. <strong><em>\/\/Ascom<\/em><\/strong><\/p>\n","protected":false},"excerpt":{"rendered":"<p>Com total apoio da Prefeitura Municipal de Caatiba, a Secretaria Municipal de Assist\u00eancia Social atrav\u00e9s do Programa Crian\u00e7a Feliz no SUAS, juntamente com os grupos do Servi\u00e7o de Conviv\u00eancia e Fortalecimento de V\u00ednculos, Zumba Kids e futebol, realizou o Dia das Crian\u00e7as em diversos espa\u00e7os de lazer do munic\u00edpio. A programa\u00e7\u00e3o em dias alternados, foi [&hellip;]<\/p>\n","protected":false},"author":2,"featured_media":97680,"comment_status":"open","ping_status":"open","sticky":false,"template":"","format":"standard","meta":{"footnotes":"","_links_to":"","_links_to_target":""},"categories":[1],"tags":[],"class_list":["post-97679","post","type-post","status-publish","format-standard","has-post-thumbnail","hentry","category-geral"],"views":960,"_links":{"self":[{"href":"https:\/\/www.sudoestehoje.com.br\/novoportal\/wp-json\/wp\/v2\/posts\/97679","targetHints":{"allow":["GET"]}}],"collection":[{"href":"https:\/\/www.sudoestehoje.com.br\/novoportal\/wp-json\/wp\/v2\/posts"}],"about":[{"href":"https:\/\/www.sudoestehoje.com.br\/novoportal\/wp-json\/wp\/v2\/types\/post"}],"author":[{"embeddable":true,"href":"https:\/\/www.sudoestehoje.com.br\/novoportal\/wp-json\/wp\/v2\/users\/2"}],"replies":[{"embeddable":true,"href":"https:\/\/www.sudoestehoje.com.br\/novoportal\/wp-json\/wp\/v2\/comments?post=97679"}],"version-history":[{"count":1,"href":"https:\/\/www.sudoestehoje.com.br\/novoportal\/wp-json\/wp\/v2\/posts\/97679\/revisions"}],"predecessor-version":[{"id":97683,"href":"https:\/\/www.sudoestehoje.com.br\/novoportal\/wp-json\/wp\/v2\/posts\/97679\/revisions\/97683"}],"wp:featuredmedia":[{"embeddable":true,"href":"https:\/\/www.sudoestehoje.com.br\/novoportal\/wp-json\/wp\/v2\/media\/97680"}],"wp:attachment":[{"href":"https:\/\/www.sudoestehoje.com.br\/novoportal\/wp-json\/wp\/v2\/media?parent=97679"}],"wp:term":[{"taxonomy":"category","embeddable":true,"href":"https:\/\/www.sudoestehoje.com.br\/novoportal\/wp-json\/wp\/v2\/categories?post=97679"},{"taxonomy":"post_tag","embeddable":true,"href":"https:\/\/www.sudoestehoje.com.br\/novoportal\/wp-json\/wp\/v2\/tags?post=97679"}],"curies":[{"name":"wp","href":"https:\/\/api.w.org\/{rel}","templated":true}]}}