
{"id":97673,"date":"2021-10-15T20:54:46","date_gmt":"2021-10-15T23:54:46","guid":{"rendered":"https:\/\/www.sudoestehoje.com.br\/novoportal\/?p=97673"},"modified":"2021-10-15T20:54:46","modified_gmt":"2021-10-15T23:54:46","slug":"itapetinga-semaforos-ja-estao-sendo-instalados-na-avenida-cinquentenario","status":"publish","type":"post","link":"https:\/\/www.sudoestehoje.com.br\/novoportal\/2021\/10\/15\/itapetinga-semaforos-ja-estao-sendo-instalados-na-avenida-cinquentenario\/","title":{"rendered":"ITAPETINGA: SEM\u00c1FOROS J\u00c1 EST\u00c3O SENDO INSTALADOS NA AVENIDA CINQUENTEN\u00c1RIO"},"content":{"rendered":"<p><a href=\"https:\/\/www.sudoestehoje.com.br\/novoportal\/wp-content\/uploads\/2021\/10\/WhatsApp-Image-2021-10-15-at-20.48.27.jpeg\"><img loading=\"lazy\" decoding=\"async\" class=\"aligncenter size-medium wp-image-97675\" src=\"https:\/\/www.sudoestehoje.com.br\/novoportal\/wp-content\/uploads\/2021\/10\/WhatsApp-Image-2021-10-15-at-20.48.27-500x375.jpeg\" alt=\"\" width=\"500\" height=\"375\" srcset=\"https:\/\/www.sudoestehoje.com.br\/novoportal\/wp-content\/uploads\/2021\/10\/WhatsApp-Image-2021-10-15-at-20.48.27-500x375.jpeg 500w, https:\/\/www.sudoestehoje.com.br\/novoportal\/wp-content\/uploads\/2021\/10\/WhatsApp-Image-2021-10-15-at-20.48.27-700x525.jpeg 700w, https:\/\/www.sudoestehoje.com.br\/novoportal\/wp-content\/uploads\/2021\/10\/WhatsApp-Image-2021-10-15-at-20.48.27-768x576.jpeg 768w, https:\/\/www.sudoestehoje.com.br\/novoportal\/wp-content\/uploads\/2021\/10\/WhatsApp-Image-2021-10-15-at-20.48.27.jpeg 1280w\" sizes=\"auto, (max-width: 500px) 100vw, 500px\" \/><\/a><\/p>\n<p>Uma novidade agradou em cheio e vem chamando \u00e0 aten\u00e7\u00e3o em Itapetinga: a instala\u00e7\u00e3o de sem\u00e1foros no cruzamento das avenidas Cinquenten\u00e1rio e Flamengo, nas imedia\u00e7\u00f5es da Lagoa.<\/p>\n<p>De acordo com informa\u00e7\u00f5es do vereador Neto Ferraz, funcion\u00e1rio da Comutran, outros equipamentos dever\u00e3o ser instalados, numa segunda fase, em cruzamentos no centro da cidade, com tr\u00e1fego mais intenso.<\/p>\n<p><a href=\"https:\/\/www.sudoestehoje.com.br\/novoportal\/wp-content\/uploads\/2021\/10\/WhatsApp-Image-2021-10-15-at-20.48.49.jpeg\"><img loading=\"lazy\" decoding=\"async\" class=\"aligncenter size-medium wp-image-97676\" src=\"https:\/\/www.sudoestehoje.com.br\/novoportal\/wp-content\/uploads\/2021\/10\/WhatsApp-Image-2021-10-15-at-20.48.49-500x375.jpeg\" alt=\"\" width=\"500\" height=\"375\" srcset=\"https:\/\/www.sudoestehoje.com.br\/novoportal\/wp-content\/uploads\/2021\/10\/WhatsApp-Image-2021-10-15-at-20.48.49-500x375.jpeg 500w, https:\/\/www.sudoestehoje.com.br\/novoportal\/wp-content\/uploads\/2021\/10\/WhatsApp-Image-2021-10-15-at-20.48.49-700x525.jpeg 700w, https:\/\/www.sudoestehoje.com.br\/novoportal\/wp-content\/uploads\/2021\/10\/WhatsApp-Image-2021-10-15-at-20.48.49-768x576.jpeg 768w, https:\/\/www.sudoestehoje.com.br\/novoportal\/wp-content\/uploads\/2021\/10\/WhatsApp-Image-2021-10-15-at-20.48.49.jpeg 1280w\" sizes=\"auto, (max-width: 500px) 100vw, 500px\" \/><\/a><\/p>\n<p>O blog tentou contato com coordenador da Comutran (via zap), mas n\u00e3o obteve resposta sobre a instala\u00e7\u00e3o de novos sem\u00e1foros.<\/p>\n<p><strong><em>Por Davi Ferraz<\/em><\/strong><\/p>\n","protected":false},"excerpt":{"rendered":"<p>Uma novidade agradou em cheio e vem chamando \u00e0 aten\u00e7\u00e3o em Itapetinga: a instala\u00e7\u00e3o de sem\u00e1foros no cruzamento das avenidas Cinquenten\u00e1rio e Flamengo, nas imedia\u00e7\u00f5es da Lagoa. De acordo com informa\u00e7\u00f5es do vereador Neto Ferraz, funcion\u00e1rio da Comutran, outros equipamentos dever\u00e3o ser instalados, numa segunda fase, em cruzamentos no centro da cidade, com tr\u00e1fego mais [&hellip;]<\/p>\n","protected":false},"author":2,"featured_media":97675,"comment_status":"open","ping_status":"open","sticky":false,"template":"","format":"standard","meta":{"footnotes":"","_links_to":"","_links_to_target":""},"categories":[1],"tags":[],"class_list":["post-97673","post","type-post","status-publish","format-standard","has-post-thumbnail","hentry","category-geral"],"views":1534,"_links":{"self":[{"href":"https:\/\/www.sudoestehoje.com.br\/novoportal\/wp-json\/wp\/v2\/posts\/97673","targetHints":{"allow":["GET"]}}],"collection":[{"href":"https:\/\/www.sudoestehoje.com.br\/novoportal\/wp-json\/wp\/v2\/posts"}],"about":[{"href":"https:\/\/www.sudoestehoje.com.br\/novoportal\/wp-json\/wp\/v2\/types\/post"}],"author":[{"embeddable":true,"href":"https:\/\/www.sudoestehoje.com.br\/novoportal\/wp-json\/wp\/v2\/users\/2"}],"replies":[{"embeddable":true,"href":"https:\/\/www.sudoestehoje.com.br\/novoportal\/wp-json\/wp\/v2\/comments?post=97673"}],"version-history":[{"count":2,"href":"https:\/\/www.sudoestehoje.com.br\/novoportal\/wp-json\/wp\/v2\/posts\/97673\/revisions"}],"predecessor-version":[{"id":97678,"href":"https:\/\/www.sudoestehoje.com.br\/novoportal\/wp-json\/wp\/v2\/posts\/97673\/revisions\/97678"}],"wp:featuredmedia":[{"embeddable":true,"href":"https:\/\/www.sudoestehoje.com.br\/novoportal\/wp-json\/wp\/v2\/media\/97675"}],"wp:attachment":[{"href":"https:\/\/www.sudoestehoje.com.br\/novoportal\/wp-json\/wp\/v2\/media?parent=97673"}],"wp:term":[{"taxonomy":"category","embeddable":true,"href":"https:\/\/www.sudoestehoje.com.br\/novoportal\/wp-json\/wp\/v2\/categories?post=97673"},{"taxonomy":"post_tag","embeddable":true,"href":"https:\/\/www.sudoestehoje.com.br\/novoportal\/wp-json\/wp\/v2\/tags?post=97673"}],"curies":[{"name":"wp","href":"https:\/\/api.w.org\/{rel}","templated":true}]}}