
{"id":97663,"date":"2021-10-14T17:49:19","date_gmt":"2021-10-14T20:49:19","guid":{"rendered":"https:\/\/www.sudoestehoje.com.br\/novoportal\/?p=97663"},"modified":"2021-10-14T17:54:50","modified_gmt":"2021-10-14T20:54:50","slug":"kombi-socorro-do-joao-pega-fogo-vereador-joao-de-deus-lamenta-perda","status":"publish","type":"post","link":"https:\/\/www.sudoestehoje.com.br\/novoportal\/2021\/10\/14\/kombi-socorro-do-joao-pega-fogo-vereador-joao-de-deus-lamenta-perda\/","title":{"rendered":"KOMBI &#8216;SOCORRO DO JO\u00c3O&#8217; PEGA FOGO: VEREADOR JO\u00c3O DE DEUS LAMENTA PERDA"},"content":{"rendered":"<p><a href=\"https:\/\/www.sudoestehoje.com.br\/novoportal\/wp-content\/uploads\/2021\/10\/WhatsApp-Image-2021-10-14-at-17.35.23.jpeg\"><img loading=\"lazy\" decoding=\"async\" class=\"aligncenter size-medium wp-image-97660\" src=\"https:\/\/www.sudoestehoje.com.br\/novoportal\/wp-content\/uploads\/2021\/10\/WhatsApp-Image-2021-10-14-at-17.35.23-500x281.jpeg\" alt=\"\" width=\"500\" height=\"281\" srcset=\"https:\/\/www.sudoestehoje.com.br\/novoportal\/wp-content\/uploads\/2021\/10\/WhatsApp-Image-2021-10-14-at-17.35.23-500x281.jpeg 500w, https:\/\/www.sudoestehoje.com.br\/novoportal\/wp-content\/uploads\/2021\/10\/WhatsApp-Image-2021-10-14-at-17.35.23-700x394.jpeg 700w, https:\/\/www.sudoestehoje.com.br\/novoportal\/wp-content\/uploads\/2021\/10\/WhatsApp-Image-2021-10-14-at-17.35.23-768x432.jpeg 768w, https:\/\/www.sudoestehoje.com.br\/novoportal\/wp-content\/uploads\/2021\/10\/WhatsApp-Image-2021-10-14-at-17.35.23-1536x864.jpeg 1536w, https:\/\/www.sudoestehoje.com.br\/novoportal\/wp-content\/uploads\/2021\/10\/WhatsApp-Image-2021-10-14-at-17.35.23.jpeg 1600w\" sizes=\"auto, (max-width: 500px) 100vw, 500px\" \/><\/a><\/p>\n<p>A Kombi que pegou fogo em frente \u00e0 rodovi\u00e1ria, nesta tarde, \u00e9 do atuante vereador Jo\u00e3o de Deus, e \u00e9 conhecida em Itapetinga como &#8220;Socorro do Jo\u00e3o&#8221;, j\u00e1 que ela era era utilizada pelo vereador para fazer o tranporte de pessoas com defici\u00eancia f\u00edsica aos centros de fisioterapia e recupera\u00e7\u00e3o da cidade.<\/p>\n<p>A informa\u00e7\u00e3o foi dada ao Sudoeste Hoje pelo pr\u00f3prio vereador, que lamentou a perda, j\u00e1 que o ve\u00edculo prestava relevantes servi\u00e7os \u00e0 comunidade. A Kombi estava sendo reformada para retornar \u00e0s atividades, segundo o vereador.<\/p>\n<p><a href=\"https:\/\/www.sudoestehoje.com.br\/novoportal\/wp-content\/uploads\/2021\/10\/WhatsApp-Image-2021-10-14-at-17.43.46.jpeg\"><img loading=\"lazy\" decoding=\"async\" class=\"aligncenter size-medium wp-image-97665\" src=\"https:\/\/www.sudoestehoje.com.br\/novoportal\/wp-content\/uploads\/2021\/10\/WhatsApp-Image-2021-10-14-at-17.43.46-500x313.jpeg\" alt=\"\" width=\"500\" height=\"313\" srcset=\"https:\/\/www.sudoestehoje.com.br\/novoportal\/wp-content\/uploads\/2021\/10\/WhatsApp-Image-2021-10-14-at-17.43.46-500x313.jpeg 500w, https:\/\/www.sudoestehoje.com.br\/novoportal\/wp-content\/uploads\/2021\/10\/WhatsApp-Image-2021-10-14-at-17.43.46-700x438.jpeg 700w, https:\/\/www.sudoestehoje.com.br\/novoportal\/wp-content\/uploads\/2021\/10\/WhatsApp-Image-2021-10-14-at-17.43.46-768x480.jpeg 768w, https:\/\/www.sudoestehoje.com.br\/novoportal\/wp-content\/uploads\/2021\/10\/WhatsApp-Image-2021-10-14-at-17.43.46.jpeg 1280w\" sizes=\"auto, (max-width: 500px) 100vw, 500px\" \/><\/a><\/p>\n<p>O blog lamente a perda do vereador Jo\u00e3o de Deus, que tamb\u00e9m \u00e9 portador de defici\u00eancia f\u00edsica e se solidariza com o atuante edil.<\/p>\n<p><em><strong>Por Davi Ferraz<\/strong><\/em><\/p>\n","protected":false},"excerpt":{"rendered":"<p>A Kombi que pegou fogo em frente \u00e0 rodovi\u00e1ria, nesta tarde, \u00e9 do atuante vereador Jo\u00e3o de Deus, e \u00e9 conhecida em Itapetinga como &#8220;Socorro do Jo\u00e3o&#8221;, j\u00e1 que ela era era utilizada pelo vereador para fazer o tranporte de pessoas com defici\u00eancia f\u00edsica aos centros de fisioterapia e recupera\u00e7\u00e3o da cidade. A informa\u00e7\u00e3o foi [&hellip;]<\/p>\n","protected":false},"author":2,"featured_media":97665,"comment_status":"open","ping_status":"open","sticky":false,"template":"","format":"standard","meta":{"footnotes":"","_links_to":"","_links_to_target":""},"categories":[1],"tags":[],"class_list":["post-97663","post","type-post","status-publish","format-standard","has-post-thumbnail","hentry","category-geral"],"views":1698,"_links":{"self":[{"href":"https:\/\/www.sudoestehoje.com.br\/novoportal\/wp-json\/wp\/v2\/posts\/97663","targetHints":{"allow":["GET"]}}],"collection":[{"href":"https:\/\/www.sudoestehoje.com.br\/novoportal\/wp-json\/wp\/v2\/posts"}],"about":[{"href":"https:\/\/www.sudoestehoje.com.br\/novoportal\/wp-json\/wp\/v2\/types\/post"}],"author":[{"embeddable":true,"href":"https:\/\/www.sudoestehoje.com.br\/novoportal\/wp-json\/wp\/v2\/users\/2"}],"replies":[{"embeddable":true,"href":"https:\/\/www.sudoestehoje.com.br\/novoportal\/wp-json\/wp\/v2\/comments?post=97663"}],"version-history":[{"count":3,"href":"https:\/\/www.sudoestehoje.com.br\/novoportal\/wp-json\/wp\/v2\/posts\/97663\/revisions"}],"predecessor-version":[{"id":97667,"href":"https:\/\/www.sudoestehoje.com.br\/novoportal\/wp-json\/wp\/v2\/posts\/97663\/revisions\/97667"}],"wp:featuredmedia":[{"embeddable":true,"href":"https:\/\/www.sudoestehoje.com.br\/novoportal\/wp-json\/wp\/v2\/media\/97665"}],"wp:attachment":[{"href":"https:\/\/www.sudoestehoje.com.br\/novoportal\/wp-json\/wp\/v2\/media?parent=97663"}],"wp:term":[{"taxonomy":"category","embeddable":true,"href":"https:\/\/www.sudoestehoje.com.br\/novoportal\/wp-json\/wp\/v2\/categories?post=97663"},{"taxonomy":"post_tag","embeddable":true,"href":"https:\/\/www.sudoestehoje.com.br\/novoportal\/wp-json\/wp\/v2\/tags?post=97663"}],"curies":[{"name":"wp","href":"https:\/\/api.w.org\/{rel}","templated":true}]}}