
{"id":97656,"date":"2021-10-14T17:32:13","date_gmt":"2021-10-14T20:32:13","guid":{"rendered":"https:\/\/www.sudoestehoje.com.br\/novoportal\/?p=97656"},"modified":"2021-10-14T17:38:31","modified_gmt":"2021-10-14T20:38:31","slug":"noticia-da-hora-kombi-pega-fogo-em-frente-a-rodoviaria-de-itapetinga","status":"publish","type":"post","link":"https:\/\/www.sudoestehoje.com.br\/novoportal\/2021\/10\/14\/noticia-da-hora-kombi-pega-fogo-em-frente-a-rodoviaria-de-itapetinga\/","title":{"rendered":"NOT\u00cdCIA DA HORA: KOMBI PEGA FOGO EM FRENTE \u00c0 RODOVI\u00c1RIA DE ITAPETINGA"},"content":{"rendered":"<p><a href=\"https:\/\/www.sudoestehoje.com.br\/novoportal\/wp-content\/uploads\/2021\/10\/WhatsApp-Image-2021-10-14-at-17.19.14.jpeg\"><img loading=\"lazy\" decoding=\"async\" class=\"aligncenter size-medium wp-image-97657\" src=\"https:\/\/www.sudoestehoje.com.br\/novoportal\/wp-content\/uploads\/2021\/10\/WhatsApp-Image-2021-10-14-at-17.19.14-500x279.jpeg\" alt=\"\" width=\"500\" height=\"279\" srcset=\"https:\/\/www.sudoestehoje.com.br\/novoportal\/wp-content\/uploads\/2021\/10\/WhatsApp-Image-2021-10-14-at-17.19.14-500x279.jpeg 500w, https:\/\/www.sudoestehoje.com.br\/novoportal\/wp-content\/uploads\/2021\/10\/WhatsApp-Image-2021-10-14-at-17.19.14-700x391.jpeg 700w, https:\/\/www.sudoestehoje.com.br\/novoportal\/wp-content\/uploads\/2021\/10\/WhatsApp-Image-2021-10-14-at-17.19.14.jpeg 760w\" sizes=\"auto, (max-width: 500px) 100vw, 500px\" \/><\/a><\/p>\n<p>Uma Kombi acaba de pegar fogo em frente \u00e0 Esta\u00e7\u00e3o Rodovi\u00e1ria de Itapetinga, no bairro S\u00e3o Francisco. As imagens foram postadas na internet e logo viralizaram nas rede e grupos da cidade e regi\u00e3o.<\/p>\n<p>O propriet\u00e1rio ainda n\u00e3o foi identificado e a causa do inc\u00eandio parece ter sido provocada por uma pane el\u00e9trica, muito comum neste tipo de ve\u00edculo marca Volkswagen.<\/p>\n<p>Outros ve\u00edculos que estavam pr\u00f3ximos tiveram que ser afastados por um guincho, pra n\u00e3o serem atingidos pelas chamas, j\u00e1 que seus propriet\u00e1rios n\u00e3o estavam no local para retir\u00e1-los.<\/p>\n<p><strong><em>Reda\u00e7\u00e3o SH\u00a0<\/em><\/strong><\/p>\n","protected":false},"excerpt":{"rendered":"<p>Uma Kombi acaba de pegar fogo em frente \u00e0 Esta\u00e7\u00e3o Rodovi\u00e1ria de Itapetinga, no bairro S\u00e3o Francisco. As imagens foram postadas na internet e logo viralizaram nas rede e grupos da cidade e regi\u00e3o. O propriet\u00e1rio ainda n\u00e3o foi identificado e a causa do inc\u00eandio parece ter sido provocada por uma pane el\u00e9trica, muito comum [&hellip;]<\/p>\n","protected":false},"author":2,"featured_media":97657,"comment_status":"open","ping_status":"open","sticky":false,"template":"","format":"standard","meta":{"footnotes":"","_links_to":"","_links_to_target":""},"categories":[1],"tags":[],"class_list":["post-97656","post","type-post","status-publish","format-standard","has-post-thumbnail","hentry","category-geral"],"views":1103,"_links":{"self":[{"href":"https:\/\/www.sudoestehoje.com.br\/novoportal\/wp-json\/wp\/v2\/posts\/97656","targetHints":{"allow":["GET"]}}],"collection":[{"href":"https:\/\/www.sudoestehoje.com.br\/novoportal\/wp-json\/wp\/v2\/posts"}],"about":[{"href":"https:\/\/www.sudoestehoje.com.br\/novoportal\/wp-json\/wp\/v2\/types\/post"}],"author":[{"embeddable":true,"href":"https:\/\/www.sudoestehoje.com.br\/novoportal\/wp-json\/wp\/v2\/users\/2"}],"replies":[{"embeddable":true,"href":"https:\/\/www.sudoestehoje.com.br\/novoportal\/wp-json\/wp\/v2\/comments?post=97656"}],"version-history":[{"count":4,"href":"https:\/\/www.sudoestehoje.com.br\/novoportal\/wp-json\/wp\/v2\/posts\/97656\/revisions"}],"predecessor-version":[{"id":97662,"href":"https:\/\/www.sudoestehoje.com.br\/novoportal\/wp-json\/wp\/v2\/posts\/97656\/revisions\/97662"}],"wp:featuredmedia":[{"embeddable":true,"href":"https:\/\/www.sudoestehoje.com.br\/novoportal\/wp-json\/wp\/v2\/media\/97657"}],"wp:attachment":[{"href":"https:\/\/www.sudoestehoje.com.br\/novoportal\/wp-json\/wp\/v2\/media?parent=97656"}],"wp:term":[{"taxonomy":"category","embeddable":true,"href":"https:\/\/www.sudoestehoje.com.br\/novoportal\/wp-json\/wp\/v2\/categories?post=97656"},{"taxonomy":"post_tag","embeddable":true,"href":"https:\/\/www.sudoestehoje.com.br\/novoportal\/wp-json\/wp\/v2\/tags?post=97656"}],"curies":[{"name":"wp","href":"https:\/\/api.w.org\/{rel}","templated":true}]}}