
{"id":97652,"date":"2021-10-14T12:04:51","date_gmt":"2021-10-14T15:04:51","guid":{"rendered":"https:\/\/www.sudoestehoje.com.br\/novoportal\/?p=97652"},"modified":"2021-10-14T12:04:51","modified_gmt":"2021-10-14T15:04:51","slug":"projeto-de-lei-sobre-cessao-de-servidores-entra-em-pauta-na-sessao-desta-quinta-na-camara-de-vereadores","status":"publish","type":"post","link":"https:\/\/www.sudoestehoje.com.br\/novoportal\/2021\/10\/14\/projeto-de-lei-sobre-cessao-de-servidores-entra-em-pauta-na-sessao-desta-quinta-na-camara-de-vereadores\/","title":{"rendered":"PROJETO DE LEI SOBRE CESS\u00c3O DE SERVIDORES ENTRA EM PAUTA NA SESS\u00c3O DESTA QUINTA NA C\u00c2MARA DE VEREADORES"},"content":{"rendered":"<p><a href=\"https:\/\/www.sudoestehoje.com.br\/novoportal\/wp-content\/uploads\/2021\/10\/30servidores-cedidos.png\"><img loading=\"lazy\" decoding=\"async\" class=\"aligncenter  wp-image-97654\" src=\"https:\/\/www.sudoestehoje.com.br\/novoportal\/wp-content\/uploads\/2021\/10\/30servidores-cedidos.png\" alt=\"\" width=\"500\" height=\"333\" \/><\/a><\/p>\n<p>Est\u00e1 pautado para ser apreciado a sess\u00e3o legislativa desta quinta-feira (14), o Projeto de Lei n\u00ba 016\/2021, de autoria do prefeito municipal, que <strong><em>disp\u00f5e sobre a cess\u00e3o de servidor p\u00fablico, no \u00e2mbito do Poder Executivo municipal,<\/em><\/strong> visando regularizar situa\u00e7\u00f5es ainda sem previs\u00e3o legal.<\/p>\n<p>De acordo com o chefe do executivo, Rodrigo Hagge, a lei regulamentando essas situa\u00e7\u00f5es \u00e9 uma exig\u00eancia constitucional, j\u00e1 que in\u00fameros servidores est\u00e3o cedidos para \u00f3rg\u00e3o do estado, institui\u00e7\u00f5es e at\u00e9 para outros munic\u00edpios, sem a celebra\u00e7\u00e3o dos necess\u00e1rios conv\u00eanios de coopera\u00e7\u00e3o t\u00e9cnica, exigidos por lei.<\/p>\n<p><em>&#8220;A situa\u00e7\u00e3o dos servidores emprestados para outros \u00f3rg\u00e3os est\u00e1 irregular e o munic\u00edpio necessita desta lei para legalizar essas situa\u00e7\u00f5es, para n\u00e3o termos que requisitar de volta todos os servidores municipais aos seus postos originais de trabalho, o que prejudicaria o funcionamento do f\u00f3rum, Ipam, APAE e outras institui\u00e7\u00f5es e \u00f3rg\u00e3os&#8221;<\/em>, disse o prefeito<\/p>\n<p>Visando a aprova\u00e7\u00e3o da mat\u00e9ria ainda nesta quinta-feira, a C\u00e2mara de Vereadores dever\u00e1 realizar duas sess\u00f5es, a pedido da lideran\u00e7a do prefeito, submetendo a mat\u00e9ria em discuss\u00e3o e vota\u00e7\u00e3o, apesar da resist\u00eancia da bancada de oposi\u00e7\u00e3o, que defende a retirada do projeto.<\/p>\n<p>A bancada do prefeito, que conta com 11 vereadores no plen\u00e1rio, deve votar e aprovar a proposta do executivo, com ampla maioria.<\/p>\n<p><strong><em>Por Davi Ferraz<\/em><\/strong><\/p>\n","protected":false},"excerpt":{"rendered":"<p>Est\u00e1 pautado para ser apreciado a sess\u00e3o legislativa desta quinta-feira (14), o Projeto de Lei n\u00ba 016\/2021, de autoria do prefeito municipal, que disp\u00f5e sobre a cess\u00e3o de servidor p\u00fablico, no \u00e2mbito do Poder Executivo municipal, visando regularizar situa\u00e7\u00f5es ainda sem previs\u00e3o legal. De acordo com o chefe do executivo, Rodrigo Hagge, a lei regulamentando [&hellip;]<\/p>\n","protected":false},"author":2,"featured_media":97654,"comment_status":"open","ping_status":"open","sticky":false,"template":"","format":"standard","meta":{"footnotes":"","_links_to":"","_links_to_target":""},"categories":[1],"tags":[],"class_list":["post-97652","post","type-post","status-publish","format-standard","has-post-thumbnail","hentry","category-geral"],"views":785,"_links":{"self":[{"href":"https:\/\/www.sudoestehoje.com.br\/novoportal\/wp-json\/wp\/v2\/posts\/97652","targetHints":{"allow":["GET"]}}],"collection":[{"href":"https:\/\/www.sudoestehoje.com.br\/novoportal\/wp-json\/wp\/v2\/posts"}],"about":[{"href":"https:\/\/www.sudoestehoje.com.br\/novoportal\/wp-json\/wp\/v2\/types\/post"}],"author":[{"embeddable":true,"href":"https:\/\/www.sudoestehoje.com.br\/novoportal\/wp-json\/wp\/v2\/users\/2"}],"replies":[{"embeddable":true,"href":"https:\/\/www.sudoestehoje.com.br\/novoportal\/wp-json\/wp\/v2\/comments?post=97652"}],"version-history":[{"count":2,"href":"https:\/\/www.sudoestehoje.com.br\/novoportal\/wp-json\/wp\/v2\/posts\/97652\/revisions"}],"predecessor-version":[{"id":97655,"href":"https:\/\/www.sudoestehoje.com.br\/novoportal\/wp-json\/wp\/v2\/posts\/97652\/revisions\/97655"}],"wp:featuredmedia":[{"embeddable":true,"href":"https:\/\/www.sudoestehoje.com.br\/novoportal\/wp-json\/wp\/v2\/media\/97654"}],"wp:attachment":[{"href":"https:\/\/www.sudoestehoje.com.br\/novoportal\/wp-json\/wp\/v2\/media?parent=97652"}],"wp:term":[{"taxonomy":"category","embeddable":true,"href":"https:\/\/www.sudoestehoje.com.br\/novoportal\/wp-json\/wp\/v2\/categories?post=97652"},{"taxonomy":"post_tag","embeddable":true,"href":"https:\/\/www.sudoestehoje.com.br\/novoportal\/wp-json\/wp\/v2\/tags?post=97652"}],"curies":[{"name":"wp","href":"https:\/\/api.w.org\/{rel}","templated":true}]}}