
{"id":97643,"date":"2021-10-14T09:24:14","date_gmt":"2021-10-14T12:24:14","guid":{"rendered":"https:\/\/www.sudoestehoje.com.br\/novoportal\/?p=97643"},"modified":"2021-10-14T09:48:03","modified_gmt":"2021-10-14T12:48:03","slug":"itapetinga-semaforo-sera-instalado-no-cruzamento-das-avenidas-cinquentenario-e-flamengo-no-parque-da-lagoa","status":"publish","type":"post","link":"https:\/\/www.sudoestehoje.com.br\/novoportal\/2021\/10\/14\/itapetinga-semaforo-sera-instalado-no-cruzamento-das-avenidas-cinquentenario-e-flamengo-no-parque-da-lagoa\/","title":{"rendered":"ITAPETINGA: SEM\u00c1FOROS SER\u00c3O INSTALADOS NO CRUZAMENTO DAS AVENIDAS CINQUENTEN\u00c1RIO E FLAMENGO, NO PARQUE DA LAGOA"},"content":{"rendered":"<p><a href=\"https:\/\/www.sudoestehoje.com.br\/novoportal\/wp-content\/uploads\/2021\/10\/WhatsApp-Image-2021-10-14-at-09.00.48.jpeg\"><img loading=\"lazy\" decoding=\"async\" class=\"aligncenter size-medium wp-image-97646\" src=\"https:\/\/www.sudoestehoje.com.br\/novoportal\/wp-content\/uploads\/2021\/10\/WhatsApp-Image-2021-10-14-at-09.00.48-500x281.jpeg\" alt=\"\" width=\"500\" height=\"281\" srcset=\"https:\/\/www.sudoestehoje.com.br\/novoportal\/wp-content\/uploads\/2021\/10\/WhatsApp-Image-2021-10-14-at-09.00.48-500x281.jpeg 500w, https:\/\/www.sudoestehoje.com.br\/novoportal\/wp-content\/uploads\/2021\/10\/WhatsApp-Image-2021-10-14-at-09.00.48-700x394.jpeg 700w, https:\/\/www.sudoestehoje.com.br\/novoportal\/wp-content\/uploads\/2021\/10\/WhatsApp-Image-2021-10-14-at-09.00.48-768x432.jpeg 768w, https:\/\/www.sudoestehoje.com.br\/novoportal\/wp-content\/uploads\/2021\/10\/WhatsApp-Image-2021-10-14-at-09.00.48-1536x864.jpeg 1536w, https:\/\/www.sudoestehoje.com.br\/novoportal\/wp-content\/uploads\/2021\/10\/WhatsApp-Image-2021-10-14-at-09.00.48.jpeg 1600w\" sizes=\"auto, (max-width: 500px) 100vw, 500px\" \/><\/a><\/p>\n<p>A prefeitura de Itapetinga iniciou, na manh\u00e3 desta quinta-feira (14), a instala\u00e7\u00e3o de sem\u00e1foros pr\u00f3ximo ao Parque da Lagoa, no cruzamento das avenidas Flamengo e Cinquenten\u00e1rio, trecho de intenso movimento na zona urbana do munic\u00edpio.<\/p>\n<p>A instala\u00e7\u00e3o de sem\u00e1foros em algumas vias p\u00fablicas de Itapetinga \u00e9 uma demanda antiga, agora encampada pelo prefeito Rodrigo Hagge, j\u00e1 que as promessas do governo do estado n\u00e3o vingaram.<\/p>\n<p>Das cidades de porte m\u00e9dio da Bahia, Itapetinga \u00e9 a \u00fanica onde esse importante equipamento de tr\u00e2nsito ainda n\u00e3o havia sido instalado, embora necess\u00e1rio.<\/p>\n<p>Agora vai&#8230;<\/p>\n<p><strong><em>Por Davi Ferraz<\/em><\/strong><\/p>\n","protected":false},"excerpt":{"rendered":"<p>A prefeitura de Itapetinga iniciou, na manh\u00e3 desta quinta-feira (14), a instala\u00e7\u00e3o de sem\u00e1foros pr\u00f3ximo ao Parque da Lagoa, no cruzamento das avenidas Flamengo e Cinquenten\u00e1rio, trecho de intenso movimento na zona urbana do munic\u00edpio. A instala\u00e7\u00e3o de sem\u00e1foros em algumas vias p\u00fablicas de Itapetinga \u00e9 uma demanda antiga, agora encampada pelo prefeito Rodrigo Hagge, [&hellip;]<\/p>\n","protected":false},"author":2,"featured_media":97646,"comment_status":"open","ping_status":"open","sticky":false,"template":"","format":"standard","meta":{"footnotes":"","_links_to":"","_links_to_target":""},"categories":[1],"tags":[],"class_list":["post-97643","post","type-post","status-publish","format-standard","has-post-thumbnail","hentry","category-geral"],"views":3180,"_links":{"self":[{"href":"https:\/\/www.sudoestehoje.com.br\/novoportal\/wp-json\/wp\/v2\/posts\/97643","targetHints":{"allow":["GET"]}}],"collection":[{"href":"https:\/\/www.sudoestehoje.com.br\/novoportal\/wp-json\/wp\/v2\/posts"}],"about":[{"href":"https:\/\/www.sudoestehoje.com.br\/novoportal\/wp-json\/wp\/v2\/types\/post"}],"author":[{"embeddable":true,"href":"https:\/\/www.sudoestehoje.com.br\/novoportal\/wp-json\/wp\/v2\/users\/2"}],"replies":[{"embeddable":true,"href":"https:\/\/www.sudoestehoje.com.br\/novoportal\/wp-json\/wp\/v2\/comments?post=97643"}],"version-history":[{"count":7,"href":"https:\/\/www.sudoestehoje.com.br\/novoportal\/wp-json\/wp\/v2\/posts\/97643\/revisions"}],"predecessor-version":[{"id":97651,"href":"https:\/\/www.sudoestehoje.com.br\/novoportal\/wp-json\/wp\/v2\/posts\/97643\/revisions\/97651"}],"wp:featuredmedia":[{"embeddable":true,"href":"https:\/\/www.sudoestehoje.com.br\/novoportal\/wp-json\/wp\/v2\/media\/97646"}],"wp:attachment":[{"href":"https:\/\/www.sudoestehoje.com.br\/novoportal\/wp-json\/wp\/v2\/media?parent=97643"}],"wp:term":[{"taxonomy":"category","embeddable":true,"href":"https:\/\/www.sudoestehoje.com.br\/novoportal\/wp-json\/wp\/v2\/categories?post=97643"},{"taxonomy":"post_tag","embeddable":true,"href":"https:\/\/www.sudoestehoje.com.br\/novoportal\/wp-json\/wp\/v2\/tags?post=97643"}],"curies":[{"name":"wp","href":"https:\/\/api.w.org\/{rel}","templated":true}]}}