
{"id":97583,"date":"2021-10-12T09:35:02","date_gmt":"2021-10-12T12:35:02","guid":{"rendered":"https:\/\/www.sudoestehoje.com.br\/novoportal\/?p=97583"},"modified":"2021-10-12T09:35:02","modified_gmt":"2021-10-12T12:35:02","slug":"chuva-boa-em-itapetinga-no-feriadao","status":"publish","type":"post","link":"https:\/\/www.sudoestehoje.com.br\/novoportal\/2021\/10\/12\/chuva-boa-em-itapetinga-no-feriadao\/","title":{"rendered":"CHUVA BOA EM ITAPETINGA, NO FERIAD\u00c3O"},"content":{"rendered":"<p><a href=\"https:\/\/www.sudoestehoje.com.br\/novoportal\/wp-content\/uploads\/2021\/10\/chuva.jpg\"><img loading=\"lazy\" decoding=\"async\" class=\"aligncenter size-medium wp-image-97584\" src=\"https:\/\/www.sudoestehoje.com.br\/novoportal\/wp-content\/uploads\/2021\/10\/chuva-500x281.jpg\" alt=\"\" width=\"500\" height=\"281\" srcset=\"https:\/\/www.sudoestehoje.com.br\/novoportal\/wp-content\/uploads\/2021\/10\/chuva-500x281.jpg 500w, https:\/\/www.sudoestehoje.com.br\/novoportal\/wp-content\/uploads\/2021\/10\/chuva.jpg 656w\" sizes=\"auto, (max-width: 500px) 100vw, 500px\" \/><\/a><\/p>\n<p>Na manh\u00e3 desta ter\u00e7a, feriado nacional, um chuva moderada caiu na &#8216;Capital da Pecu\u00e1ria Baiana&#8217;, para alegria da popula\u00e7\u00e3o e dos produtores rurais, que j\u00e1 estavam preocupados com o longo per\u00edodo de esti\u00e1gem.<\/p>\n<p>As chamadas &#8216;Chuvas das \u00c1guas&#8217; ocorrem sempre no in\u00edcio da primavera, no fim de setembro ou come\u00e7o de outubro, e s\u00e3o pren\u00fancio de bons resultados na pecu\u00e1ria, principal atividade do munic\u00edpio e da regi\u00e3o.<\/p>\n<p>De acordo com o Climatempo, as precipita\u00e7\u00f5es devem continuar no final da tarde e \u00e0 noite, permanecendo durante toda a semana.<\/p>\n<p>Seja bem-vinda&#8230;<\/p>\n<p><em>Por Davi Ferraz\u00a0<\/em><\/p>\n","protected":false},"excerpt":{"rendered":"<p>Na manh\u00e3 desta ter\u00e7a, feriado nacional, um chuva moderada caiu na &#8216;Capital da Pecu\u00e1ria Baiana&#8217;, para alegria da popula\u00e7\u00e3o e dos produtores rurais, que j\u00e1 estavam preocupados com o longo per\u00edodo de esti\u00e1gem. As chamadas &#8216;Chuvas das \u00c1guas&#8217; ocorrem sempre no in\u00edcio da primavera, no fim de setembro ou come\u00e7o de outubro, e s\u00e3o pren\u00fancio [&hellip;]<\/p>\n","protected":false},"author":2,"featured_media":97584,"comment_status":"open","ping_status":"open","sticky":false,"template":"","format":"standard","meta":{"footnotes":"","_links_to":"","_links_to_target":""},"categories":[1],"tags":[],"class_list":["post-97583","post","type-post","status-publish","format-standard","has-post-thumbnail","hentry","category-geral"],"views":1025,"_links":{"self":[{"href":"https:\/\/www.sudoestehoje.com.br\/novoportal\/wp-json\/wp\/v2\/posts\/97583","targetHints":{"allow":["GET"]}}],"collection":[{"href":"https:\/\/www.sudoestehoje.com.br\/novoportal\/wp-json\/wp\/v2\/posts"}],"about":[{"href":"https:\/\/www.sudoestehoje.com.br\/novoportal\/wp-json\/wp\/v2\/types\/post"}],"author":[{"embeddable":true,"href":"https:\/\/www.sudoestehoje.com.br\/novoportal\/wp-json\/wp\/v2\/users\/2"}],"replies":[{"embeddable":true,"href":"https:\/\/www.sudoestehoje.com.br\/novoportal\/wp-json\/wp\/v2\/comments?post=97583"}],"version-history":[{"count":3,"href":"https:\/\/www.sudoestehoje.com.br\/novoportal\/wp-json\/wp\/v2\/posts\/97583\/revisions"}],"predecessor-version":[{"id":97587,"href":"https:\/\/www.sudoestehoje.com.br\/novoportal\/wp-json\/wp\/v2\/posts\/97583\/revisions\/97587"}],"wp:featuredmedia":[{"embeddable":true,"href":"https:\/\/www.sudoestehoje.com.br\/novoportal\/wp-json\/wp\/v2\/media\/97584"}],"wp:attachment":[{"href":"https:\/\/www.sudoestehoje.com.br\/novoportal\/wp-json\/wp\/v2\/media?parent=97583"}],"wp:term":[{"taxonomy":"category","embeddable":true,"href":"https:\/\/www.sudoestehoje.com.br\/novoportal\/wp-json\/wp\/v2\/categories?post=97583"},{"taxonomy":"post_tag","embeddable":true,"href":"https:\/\/www.sudoestehoje.com.br\/novoportal\/wp-json\/wp\/v2\/tags?post=97583"}],"curies":[{"name":"wp","href":"https:\/\/api.w.org\/{rel}","templated":true}]}}