
{"id":97576,"date":"2021-10-12T09:09:36","date_gmt":"2021-10-12T12:09:36","guid":{"rendered":"https:\/\/www.sudoestehoje.com.br\/novoportal\/?p=97576"},"modified":"2021-10-12T09:09:36","modified_gmt":"2021-10-12T12:09:36","slug":"vereador-helder-ladeia-comemora-dia-das-criancas-em-creche-de-bandeira-do-colonia","status":"publish","type":"post","link":"https:\/\/www.sudoestehoje.com.br\/novoportal\/2021\/10\/12\/vereador-helder-ladeia-comemora-dia-das-criancas-em-creche-de-bandeira-do-colonia\/","title":{"rendered":"VEREADOR H\u00c9LDER LADEIA COMEMORA &#8216;DIA DAS CRIAN\u00c7AS&#8217; EM CRECHE DE BANDEIRA DO COL\u00d4NIA"},"content":{"rendered":"<p><strong><a href=\"https:\/\/www.sudoestehoje.com.br\/novoportal\/wp-content\/uploads\/2021\/10\/WhatsApp-Image-2021-10-11-at-18.06.24.jpeg\"><img loading=\"lazy\" decoding=\"async\" class=\"aligncenter size-medium wp-image-97579\" src=\"https:\/\/www.sudoestehoje.com.br\/novoportal\/wp-content\/uploads\/2021\/10\/WhatsApp-Image-2021-10-11-at-18.06.24-500x281.jpeg\" alt=\"\" width=\"500\" height=\"281\" srcset=\"https:\/\/www.sudoestehoje.com.br\/novoportal\/wp-content\/uploads\/2021\/10\/WhatsApp-Image-2021-10-11-at-18.06.24-500x281.jpeg 500w, https:\/\/www.sudoestehoje.com.br\/novoportal\/wp-content\/uploads\/2021\/10\/WhatsApp-Image-2021-10-11-at-18.06.24-700x394.jpeg 700w, https:\/\/www.sudoestehoje.com.br\/novoportal\/wp-content\/uploads\/2021\/10\/WhatsApp-Image-2021-10-11-at-18.06.24-768x432.jpeg 768w, https:\/\/www.sudoestehoje.com.br\/novoportal\/wp-content\/uploads\/2021\/10\/WhatsApp-Image-2021-10-11-at-18.06.24.jpeg 1280w\" sizes=\"auto, (max-width: 500px) 100vw, 500px\" \/><\/a><\/strong><\/p>\n<p>Na v\u00e9spera do Dia das Crian\u00e7as a Creche Edimeia Neves em Bandeira do Col\u00f4nia recebeu a visita do vereador H\u00e9lder Ladeia (PSC), que acompanhou os trabalhos dos profissionais que s\u00e3o dedicados com tanto carinho e amor aos pequeninos que ali passam boa parte do seu tempo.<\/p>\n<p>O edil aproveitou para comemorar o Dia das Crian\u00e7as, ao lado da garotada, que o receberam com muita alegria.<\/p>\n<p><a href=\"https:\/\/www.sudoestehoje.com.br\/novoportal\/wp-content\/uploads\/2021\/10\/WhatsApp-Image-2021-10-11-at-18.09.31.jpeg\"><img loading=\"lazy\" decoding=\"async\" class=\"aligncenter size-medium wp-image-97580\" src=\"https:\/\/www.sudoestehoje.com.br\/novoportal\/wp-content\/uploads\/2021\/10\/WhatsApp-Image-2021-10-11-at-18.09.31-500x281.jpeg\" alt=\"\" width=\"500\" height=\"281\" srcset=\"https:\/\/www.sudoestehoje.com.br\/novoportal\/wp-content\/uploads\/2021\/10\/WhatsApp-Image-2021-10-11-at-18.09.31-500x281.jpeg 500w, https:\/\/www.sudoestehoje.com.br\/novoportal\/wp-content\/uploads\/2021\/10\/WhatsApp-Image-2021-10-11-at-18.09.31-700x394.jpeg 700w, https:\/\/www.sudoestehoje.com.br\/novoportal\/wp-content\/uploads\/2021\/10\/WhatsApp-Image-2021-10-11-at-18.09.31-768x432.jpeg 768w, https:\/\/www.sudoestehoje.com.br\/novoportal\/wp-content\/uploads\/2021\/10\/WhatsApp-Image-2021-10-11-at-18.09.31.jpeg 1280w\" sizes=\"auto, (max-width: 500px) 100vw, 500px\" \/><\/a><\/p>\n<p>O vereador H\u00e9lder de Bandeira fez a alegria da crian\u00e7ada distribuindo v\u00e1rias lembran\u00e7as pra toda turminha da Creche, que se alegraram com o gesto. <em>&#8220;As crian\u00e7as gostam do cuidado de todos e se sentem acolhidas por cada demonstra\u00e7\u00e3o de cuidado e aten\u00e7\u00e3o&#8221;<\/em>, lembrou o vereador.<\/p>\n<p><a href=\"https:\/\/www.sudoestehoje.com.br\/novoportal\/wp-content\/uploads\/2021\/10\/WhatsApp-Image-2021-10-11-at-18.06.23.jpeg\"><img loading=\"lazy\" decoding=\"async\" class=\"aligncenter size-medium wp-image-97578\" src=\"https:\/\/www.sudoestehoje.com.br\/novoportal\/wp-content\/uploads\/2021\/10\/WhatsApp-Image-2021-10-11-at-18.06.23-500x281.jpeg\" alt=\"\" width=\"500\" height=\"281\" srcset=\"https:\/\/www.sudoestehoje.com.br\/novoportal\/wp-content\/uploads\/2021\/10\/WhatsApp-Image-2021-10-11-at-18.06.23-500x281.jpeg 500w, https:\/\/www.sudoestehoje.com.br\/novoportal\/wp-content\/uploads\/2021\/10\/WhatsApp-Image-2021-10-11-at-18.06.23-700x394.jpeg 700w, https:\/\/www.sudoestehoje.com.br\/novoportal\/wp-content\/uploads\/2021\/10\/WhatsApp-Image-2021-10-11-at-18.06.23-768x432.jpeg 768w, https:\/\/www.sudoestehoje.com.br\/novoportal\/wp-content\/uploads\/2021\/10\/WhatsApp-Image-2021-10-11-at-18.06.23.jpeg 1280w\" sizes=\"auto, (max-width: 500px) 100vw, 500px\" \/><\/a><\/p>\n<p>H\u00e9lder de Bandeira se mostra sempre atento e cuidadoso com o seu distrito e se faz presente n\u00e3o somente nas demandas da sa\u00fade, como no saneamento, infraestrutura e demais reivindica\u00e7\u00f5es, especialmente mas com as datas comemorativas, que t\u00eam muita import\u00e2ncia para comunidade: <em>\u201cAs crian\u00e7as merecem toda nossa aten\u00e7\u00e3o e cuidado e isso foi apenas um gesto para ver o sorriso de cada um e desejar um Feliz Dia das Crian\u00e7as pra todas elas\u201d. <\/em>finalizou o vereador<em>. \/\/Ascom<\/em><\/p>\n","protected":false},"excerpt":{"rendered":"<p>Na v\u00e9spera do Dia das Crian\u00e7as a Creche Edimeia Neves em Bandeira do Col\u00f4nia recebeu a visita do vereador H\u00e9lder Ladeia (PSC), que acompanhou os trabalhos dos profissionais que s\u00e3o dedicados com tanto carinho e amor aos pequeninos que ali passam boa parte do seu tempo. O edil aproveitou para comemorar o Dia das Crian\u00e7as, [&hellip;]<\/p>\n","protected":false},"author":2,"featured_media":97579,"comment_status":"open","ping_status":"open","sticky":false,"template":"","format":"standard","meta":{"footnotes":"","_links_to":"","_links_to_target":""},"categories":[1],"tags":[],"class_list":["post-97576","post","type-post","status-publish","format-standard","has-post-thumbnail","hentry","category-geral"],"views":983,"_links":{"self":[{"href":"https:\/\/www.sudoestehoje.com.br\/novoportal\/wp-json\/wp\/v2\/posts\/97576","targetHints":{"allow":["GET"]}}],"collection":[{"href":"https:\/\/www.sudoestehoje.com.br\/novoportal\/wp-json\/wp\/v2\/posts"}],"about":[{"href":"https:\/\/www.sudoestehoje.com.br\/novoportal\/wp-json\/wp\/v2\/types\/post"}],"author":[{"embeddable":true,"href":"https:\/\/www.sudoestehoje.com.br\/novoportal\/wp-json\/wp\/v2\/users\/2"}],"replies":[{"embeddable":true,"href":"https:\/\/www.sudoestehoje.com.br\/novoportal\/wp-json\/wp\/v2\/comments?post=97576"}],"version-history":[{"count":3,"href":"https:\/\/www.sudoestehoje.com.br\/novoportal\/wp-json\/wp\/v2\/posts\/97576\/revisions"}],"predecessor-version":[{"id":97582,"href":"https:\/\/www.sudoestehoje.com.br\/novoportal\/wp-json\/wp\/v2\/posts\/97576\/revisions\/97582"}],"wp:featuredmedia":[{"embeddable":true,"href":"https:\/\/www.sudoestehoje.com.br\/novoportal\/wp-json\/wp\/v2\/media\/97579"}],"wp:attachment":[{"href":"https:\/\/www.sudoestehoje.com.br\/novoportal\/wp-json\/wp\/v2\/media?parent=97576"}],"wp:term":[{"taxonomy":"category","embeddable":true,"href":"https:\/\/www.sudoestehoje.com.br\/novoportal\/wp-json\/wp\/v2\/categories?post=97576"},{"taxonomy":"post_tag","embeddable":true,"href":"https:\/\/www.sudoestehoje.com.br\/novoportal\/wp-json\/wp\/v2\/tags?post=97576"}],"curies":[{"name":"wp","href":"https:\/\/api.w.org\/{rel}","templated":true}]}}