
{"id":97545,"date":"2021-10-09T19:19:59","date_gmt":"2021-10-09T22:19:59","guid":{"rendered":"https:\/\/www.sudoestehoje.com.br\/novoportal\/?p=97545"},"modified":"2021-10-09T19:19:59","modified_gmt":"2021-10-09T22:19:59","slug":"acm-neto-vai-lancar-pre-candidatura-ao-governo-da-bahia-no-dia-12-de-dezembro","status":"publish","type":"post","link":"https:\/\/www.sudoestehoje.com.br\/novoportal\/2021\/10\/09\/acm-neto-vai-lancar-pre-candidatura-ao-governo-da-bahia-no-dia-12-de-dezembro\/","title":{"rendered":"ACM NETO VAI LAN\u00c7AR PR\u00c9-CANDIDATURA AO GOVERNO DA BAHIA NO DIA 12 DE DEZEMBRO"},"content":{"rendered":"<p><a href=\"https:\/\/www.sudoestehoje.com.br\/novoportal\/wp-content\/uploads\/2021\/10\/acm_neto.jpg\"><img loading=\"lazy\" decoding=\"async\" class=\"aligncenter size-medium wp-image-97547\" src=\"https:\/\/www.sudoestehoje.com.br\/novoportal\/wp-content\/uploads\/2021\/10\/acm_neto-500x312.jpg\" alt=\"\" width=\"500\" height=\"312\" srcset=\"https:\/\/www.sudoestehoje.com.br\/novoportal\/wp-content\/uploads\/2021\/10\/acm_neto-500x312.jpg 500w, https:\/\/www.sudoestehoje.com.br\/novoportal\/wp-content\/uploads\/2021\/10\/acm_neto-700x437.jpg 700w, https:\/\/www.sudoestehoje.com.br\/novoportal\/wp-content\/uploads\/2021\/10\/acm_neto.jpg 768w\" sizes=\"auto, (max-width: 500px) 100vw, 500px\" \/><\/a><\/p>\n<p>A forma\u00e7\u00e3o do Uni\u00e3o Brasil, feita a partir da fus\u00e3o do partido Democratas e PSL, e comando de ACM Neto, est\u00e1 quase conclu\u00edda. Com isso, o pr\u00f3ximo passo do ex-prefeito de Salvador \u00e9 oficializar sua candidatura ao governo do Estado.<\/p>\n<p>De acordo com informa\u00e7\u00f5es do Jornal Correio, o evento para o lan\u00e7amento da candidatura acontecer\u00e1 no Centro de Conven\u00e7\u00f5es de Salvador, localizado na Boca do Rio, no dia 12 de dezembro de 2021, e contar\u00e1 com a presen\u00e7a de alian\u00e7as pol\u00edticas do estado.<\/p>\n<p>O ex-prefeito de Salvador ser\u00e1 secret\u00e1rio-geral do partido, enquanto o atual presidente do PSL, deputado federal Luciano Bivar (PE), assume a presid\u00eancia. O Uni\u00e3o Brasil deve contar com a maior bancada na C\u00e2mara dos Deputados.<\/p>\n","protected":false},"excerpt":{"rendered":"<p>A forma\u00e7\u00e3o do Uni\u00e3o Brasil, feita a partir da fus\u00e3o do partido Democratas e PSL, e comando de ACM Neto, est\u00e1 quase conclu\u00edda. Com isso, o pr\u00f3ximo passo do ex-prefeito de Salvador \u00e9 oficializar sua candidatura ao governo do Estado. De acordo com informa\u00e7\u00f5es do Jornal Correio, o evento para o lan\u00e7amento da candidatura acontecer\u00e1 [&hellip;]<\/p>\n","protected":false},"author":2,"featured_media":97547,"comment_status":"open","ping_status":"open","sticky":false,"template":"","format":"standard","meta":{"footnotes":"","_links_to":"","_links_to_target":""},"categories":[1],"tags":[],"class_list":["post-97545","post","type-post","status-publish","format-standard","has-post-thumbnail","hentry","category-geral"],"views":1189,"_links":{"self":[{"href":"https:\/\/www.sudoestehoje.com.br\/novoportal\/wp-json\/wp\/v2\/posts\/97545","targetHints":{"allow":["GET"]}}],"collection":[{"href":"https:\/\/www.sudoestehoje.com.br\/novoportal\/wp-json\/wp\/v2\/posts"}],"about":[{"href":"https:\/\/www.sudoestehoje.com.br\/novoportal\/wp-json\/wp\/v2\/types\/post"}],"author":[{"embeddable":true,"href":"https:\/\/www.sudoestehoje.com.br\/novoportal\/wp-json\/wp\/v2\/users\/2"}],"replies":[{"embeddable":true,"href":"https:\/\/www.sudoestehoje.com.br\/novoportal\/wp-json\/wp\/v2\/comments?post=97545"}],"version-history":[{"count":2,"href":"https:\/\/www.sudoestehoje.com.br\/novoportal\/wp-json\/wp\/v2\/posts\/97545\/revisions"}],"predecessor-version":[{"id":97548,"href":"https:\/\/www.sudoestehoje.com.br\/novoportal\/wp-json\/wp\/v2\/posts\/97545\/revisions\/97548"}],"wp:featuredmedia":[{"embeddable":true,"href":"https:\/\/www.sudoestehoje.com.br\/novoportal\/wp-json\/wp\/v2\/media\/97547"}],"wp:attachment":[{"href":"https:\/\/www.sudoestehoje.com.br\/novoportal\/wp-json\/wp\/v2\/media?parent=97545"}],"wp:term":[{"taxonomy":"category","embeddable":true,"href":"https:\/\/www.sudoestehoje.com.br\/novoportal\/wp-json\/wp\/v2\/categories?post=97545"},{"taxonomy":"post_tag","embeddable":true,"href":"https:\/\/www.sudoestehoje.com.br\/novoportal\/wp-json\/wp\/v2\/tags?post=97545"}],"curies":[{"name":"wp","href":"https:\/\/api.w.org\/{rel}","templated":true}]}}