
{"id":97538,"date":"2021-10-09T18:46:45","date_gmt":"2021-10-09T21:46:45","guid":{"rendered":"https:\/\/www.sudoestehoje.com.br\/novoportal\/?p=97538"},"modified":"2021-10-09T18:59:05","modified_gmt":"2021-10-09T21:59:05","slug":"conquista-caminhao-cai-em-ribanceira-da-serra-do-marcal-este-sabado","status":"publish","type":"post","link":"https:\/\/www.sudoestehoje.com.br\/novoportal\/2021\/10\/09\/conquista-caminhao-cai-em-ribanceira-da-serra-do-marcal-este-sabado\/","title":{"rendered":"CONQUISTA: CAMINH\u00c3O CAI EM RIBANCEIRA DA SERRA DO MAR\u00c7AL NESTE S\u00c1BADO"},"content":{"rendered":"<p><a href=\"https:\/\/www.sudoestehoje.com.br\/novoportal\/wp-content\/uploads\/2021\/10\/MAR\u00c7AL-1.jpg\"><img loading=\"lazy\" decoding=\"async\" class=\"aligncenter  wp-image-97541\" src=\"https:\/\/www.sudoestehoje.com.br\/novoportal\/wp-content\/uploads\/2021\/10\/MAR\u00c7AL-1.jpg\" alt=\"\" width=\"501\" height=\"334\" \/><\/a><\/p>\n<p>A Serra do Mar\u00e7al \u00e9 considerada como um dos trechos mais perigosos das rodovias do Nordeste brasileiro onde se registram constantes acidentes.<\/p>\n<p>Na manh\u00e3 deste s\u00e1bado (9) mais uma ocorr\u00eancia deixou tr\u00eas feridos. O fato aconteceu ap\u00f3s um caminh\u00e3o de mudan\u00e7as ultrapassar as barras de prote\u00e7\u00e3o e cair na ribanceira.<\/p>\n<p><a href=\"https:\/\/www.sudoestehoje.com.br\/novoportal\/wp-content\/uploads\/2021\/10\/MAR\u00c7AL-2.jpg\"><img loading=\"lazy\" decoding=\"async\" class=\"aligncenter  wp-image-97542\" src=\"https:\/\/www.sudoestehoje.com.br\/novoportal\/wp-content\/uploads\/2021\/10\/MAR\u00c7AL-2.jpg\" alt=\"\" width=\"500\" height=\"333\" \/><\/a><\/p>\n<p>Todas as v\u00edtimas foram socorridas pelo Servi\u00e7o de Atendimento M\u00f3vel ao Hospital Geral de Vit\u00f3ria da Conquista. A opera\u00e7\u00e3o de resgate contou com o apoio do 7\u00ba Grupamento de Bombeiros Militar e Companhia Independente de Pol\u00edcia Rodovi\u00e1ria. <em>\/\/Blog do Anderson<\/em><\/p>\n","protected":false},"excerpt":{"rendered":"<p>A Serra do Mar\u00e7al \u00e9 considerada como um dos trechos mais perigosos das rodovias do Nordeste brasileiro onde se registram constantes acidentes. Na manh\u00e3 deste s\u00e1bado (9) mais uma ocorr\u00eancia deixou tr\u00eas feridos. O fato aconteceu ap\u00f3s um caminh\u00e3o de mudan\u00e7as ultrapassar as barras de prote\u00e7\u00e3o e cair na ribanceira. Todas as v\u00edtimas foram socorridas [&hellip;]<\/p>\n","protected":false},"author":2,"featured_media":97541,"comment_status":"open","ping_status":"open","sticky":false,"template":"","format":"standard","meta":{"footnotes":"","_links_to":"","_links_to_target":""},"categories":[1],"tags":[],"class_list":["post-97538","post","type-post","status-publish","format-standard","has-post-thumbnail","hentry","category-geral"],"views":927,"_links":{"self":[{"href":"https:\/\/www.sudoestehoje.com.br\/novoportal\/wp-json\/wp\/v2\/posts\/97538","targetHints":{"allow":["GET"]}}],"collection":[{"href":"https:\/\/www.sudoestehoje.com.br\/novoportal\/wp-json\/wp\/v2\/posts"}],"about":[{"href":"https:\/\/www.sudoestehoje.com.br\/novoportal\/wp-json\/wp\/v2\/types\/post"}],"author":[{"embeddable":true,"href":"https:\/\/www.sudoestehoje.com.br\/novoportal\/wp-json\/wp\/v2\/users\/2"}],"replies":[{"embeddable":true,"href":"https:\/\/www.sudoestehoje.com.br\/novoportal\/wp-json\/wp\/v2\/comments?post=97538"}],"version-history":[{"count":4,"href":"https:\/\/www.sudoestehoje.com.br\/novoportal\/wp-json\/wp\/v2\/posts\/97538\/revisions"}],"predecessor-version":[{"id":97544,"href":"https:\/\/www.sudoestehoje.com.br\/novoportal\/wp-json\/wp\/v2\/posts\/97538\/revisions\/97544"}],"wp:featuredmedia":[{"embeddable":true,"href":"https:\/\/www.sudoestehoje.com.br\/novoportal\/wp-json\/wp\/v2\/media\/97541"}],"wp:attachment":[{"href":"https:\/\/www.sudoestehoje.com.br\/novoportal\/wp-json\/wp\/v2\/media?parent=97538"}],"wp:term":[{"taxonomy":"category","embeddable":true,"href":"https:\/\/www.sudoestehoje.com.br\/novoportal\/wp-json\/wp\/v2\/categories?post=97538"},{"taxonomy":"post_tag","embeddable":true,"href":"https:\/\/www.sudoestehoje.com.br\/novoportal\/wp-json\/wp\/v2\/tags?post=97538"}],"curies":[{"name":"wp","href":"https:\/\/api.w.org\/{rel}","templated":true}]}}