
{"id":97522,"date":"2021-10-08T18:59:49","date_gmt":"2021-10-08T21:59:49","guid":{"rendered":"https:\/\/www.sudoestehoje.com.br\/novoportal\/?p=97522"},"modified":"2021-10-08T18:59:49","modified_gmt":"2021-10-08T21:59:49","slug":"governo-anuncia-aulas-100-presenciais-na-bahia-a-partir-de-18-de-outubro","status":"publish","type":"post","link":"https:\/\/www.sudoestehoje.com.br\/novoportal\/2021\/10\/08\/governo-anuncia-aulas-100-presenciais-na-bahia-a-partir-de-18-de-outubro\/","title":{"rendered":"GOVERNO ANUNCIA AULAS 100% PRESENCIAIS NA BAHIA A PARTIR DE 18 DE OUTUBRO"},"content":{"rendered":"<p><a href=\"https:\/\/www.sudoestehoje.com.br\/novoportal\/wp-content\/uploads\/2021\/10\/AULAS-100.jpg\"><img loading=\"lazy\" decoding=\"async\" class=\"aligncenter size-medium wp-image-97524\" src=\"https:\/\/www.sudoestehoje.com.br\/novoportal\/wp-content\/uploads\/2021\/10\/AULAS-100-500x250.jpg\" alt=\"\" width=\"500\" height=\"250\" srcset=\"https:\/\/www.sudoestehoje.com.br\/novoportal\/wp-content\/uploads\/2021\/10\/AULAS-100-500x250.jpg 500w, https:\/\/www.sudoestehoje.com.br\/novoportal\/wp-content\/uploads\/2021\/10\/AULAS-100.jpg 640w\" sizes=\"auto, (max-width: 500px) 100vw, 500px\" \/><\/a><\/p>\n<p>A partir do dia 18 de outubro, as escolas da rede estadual de ensino da Bahia devem retomar o modelo de aulas 100% presenciais. O an\u00fancio foi feito pelo governador Rui Costa, nesta sexta-feira (8), durante agenda no munic\u00edpio de Floresta Azul, no sul baiano.<\/p>\n<p>&#8220;As escolas est\u00e3o no modelo h\u00edbrido, mas na segunda-feira, dia 18, voltaremos com as aulas 100% presenciais. At\u00e9 l\u00e1, temos mais uma semana para finalizar a prepara\u00e7\u00e3o e organiza\u00e7\u00e3o para esse retorno&#8221;, explicou Rui.<\/p>\n","protected":false},"excerpt":{"rendered":"<p>A partir do dia 18 de outubro, as escolas da rede estadual de ensino da Bahia devem retomar o modelo de aulas 100% presenciais. O an\u00fancio foi feito pelo governador Rui Costa, nesta sexta-feira (8), durante agenda no munic\u00edpio de Floresta Azul, no sul baiano. &#8220;As escolas est\u00e3o no modelo h\u00edbrido, mas na segunda-feira, dia [&hellip;]<\/p>\n","protected":false},"author":2,"featured_media":97524,"comment_status":"open","ping_status":"open","sticky":false,"template":"","format":"standard","meta":{"footnotes":"","_links_to":"","_links_to_target":""},"categories":[1],"tags":[],"class_list":["post-97522","post","type-post","status-publish","format-standard","has-post-thumbnail","hentry","category-geral"],"views":929,"_links":{"self":[{"href":"https:\/\/www.sudoestehoje.com.br\/novoportal\/wp-json\/wp\/v2\/posts\/97522","targetHints":{"allow":["GET"]}}],"collection":[{"href":"https:\/\/www.sudoestehoje.com.br\/novoportal\/wp-json\/wp\/v2\/posts"}],"about":[{"href":"https:\/\/www.sudoestehoje.com.br\/novoportal\/wp-json\/wp\/v2\/types\/post"}],"author":[{"embeddable":true,"href":"https:\/\/www.sudoestehoje.com.br\/novoportal\/wp-json\/wp\/v2\/users\/2"}],"replies":[{"embeddable":true,"href":"https:\/\/www.sudoestehoje.com.br\/novoportal\/wp-json\/wp\/v2\/comments?post=97522"}],"version-history":[{"count":2,"href":"https:\/\/www.sudoestehoje.com.br\/novoportal\/wp-json\/wp\/v2\/posts\/97522\/revisions"}],"predecessor-version":[{"id":97525,"href":"https:\/\/www.sudoestehoje.com.br\/novoportal\/wp-json\/wp\/v2\/posts\/97522\/revisions\/97525"}],"wp:featuredmedia":[{"embeddable":true,"href":"https:\/\/www.sudoestehoje.com.br\/novoportal\/wp-json\/wp\/v2\/media\/97524"}],"wp:attachment":[{"href":"https:\/\/www.sudoestehoje.com.br\/novoportal\/wp-json\/wp\/v2\/media?parent=97522"}],"wp:term":[{"taxonomy":"category","embeddable":true,"href":"https:\/\/www.sudoestehoje.com.br\/novoportal\/wp-json\/wp\/v2\/categories?post=97522"},{"taxonomy":"post_tag","embeddable":true,"href":"https:\/\/www.sudoestehoje.com.br\/novoportal\/wp-json\/wp\/v2\/tags?post=97522"}],"curies":[{"name":"wp","href":"https:\/\/api.w.org\/{rel}","templated":true}]}}