
{"id":97513,"date":"2021-10-08T13:26:29","date_gmt":"2021-10-08T16:26:29","guid":{"rendered":"https:\/\/www.sudoestehoje.com.br\/novoportal\/?p=97513"},"modified":"2021-10-08T13:26:29","modified_gmt":"2021-10-08T16:26:29","slug":"deputado-marcelo-nilo-visita-itapetinga-e-participa-de-novas-filiacoes-ao-psb","status":"publish","type":"post","link":"https:\/\/www.sudoestehoje.com.br\/novoportal\/2021\/10\/08\/deputado-marcelo-nilo-visita-itapetinga-e-participa-de-novas-filiacoes-ao-psb\/","title":{"rendered":"DEPUTADO MARCELO NILO VISITA ITAPETINGA E PARTICIPA DE NOVAS FILIA\u00c7\u00d5ES AO PSB"},"content":{"rendered":"<p><a href=\"https:\/\/www.sudoestehoje.com.br\/novoportal\/wp-content\/uploads\/2021\/10\/WhatsApp-Image-2021-10-08-at-13.24.51.jpeg\"><img loading=\"lazy\" decoding=\"async\" class=\"aligncenter size-medium wp-image-97516\" src=\"https:\/\/www.sudoestehoje.com.br\/novoportal\/wp-content\/uploads\/2021\/10\/WhatsApp-Image-2021-10-08-at-13.24.51-500x327.jpeg\" alt=\"\" width=\"500\" height=\"327\" srcset=\"https:\/\/www.sudoestehoje.com.br\/novoportal\/wp-content\/uploads\/2021\/10\/WhatsApp-Image-2021-10-08-at-13.24.51-500x327.jpeg 500w, https:\/\/www.sudoestehoje.com.br\/novoportal\/wp-content\/uploads\/2021\/10\/WhatsApp-Image-2021-10-08-at-13.24.51-700x458.jpeg 700w, https:\/\/www.sudoestehoje.com.br\/novoportal\/wp-content\/uploads\/2021\/10\/WhatsApp-Image-2021-10-08-at-13.24.51-768x503.jpeg 768w, https:\/\/www.sudoestehoje.com.br\/novoportal\/wp-content\/uploads\/2021\/10\/WhatsApp-Image-2021-10-08-at-13.24.51.jpeg 1028w\" sizes=\"auto, (max-width: 500px) 100vw, 500px\" \/><\/a><\/p>\n<p>Em visita \u00e0 capital da pecu\u00e1ria, nesta sexta-feira, o coordenador da bancada dos deputados federais da Bahia e deputado federal pelo PSB, Marcelo Nilo, participa hoje as 19 horas, na C\u00e2mara dos Vereadores de Itapetinga, do ato de filia\u00e7\u00e3o de v\u00e1rias lideran\u00e7as do munic\u00edpio e da regi\u00e3o, dentre elas, do jovem advogado itapetinguense, Dr. Jo\u00e3o Pedro Coelho, filho do saudoso Arnaldo Pereira (Cabelo) e de Leila Coelho.<\/p>\n<p>O ato de filia\u00e7\u00e3o est\u00e1 sendo promovido e convocado pelo pr\u00f3prio gabinete do Deputado Marcelo Nilo, que viu no jovem advogado itapetinguense uma grande lideran\u00e7a na regi\u00e3o<\/p>\n<p>O deputado estar\u00e1 na cidade j\u00e1 no in\u00edcio da manh\u00e3. Ao meio dia conceder\u00e1 entrevista ao Programa do radialista Amaral Jr, na R\u00e1dio Cidade.<\/p>\n<p>Almo\u00e7a com empres\u00e1rios e pol\u00edticos na casa do advogado e tamb\u00e9m empres\u00e1rio Marco Correia, da Vita Sa\u00fade e a tarde ter\u00e1 uma agenda com lideran\u00e7as locais e entidades sindicais.<\/p>\n<p>A noite, o evento de filia\u00e7\u00e3o ser\u00e1 aberto ao p\u00fablico e Politicos, na C\u00e2mara de Vereadores.<\/p>\n","protected":false},"excerpt":{"rendered":"<p>Em visita \u00e0 capital da pecu\u00e1ria, nesta sexta-feira, o coordenador da bancada dos deputados federais da Bahia e deputado federal pelo PSB, Marcelo Nilo, participa hoje as 19 horas, na C\u00e2mara dos Vereadores de Itapetinga, do ato de filia\u00e7\u00e3o de v\u00e1rias lideran\u00e7as do munic\u00edpio e da regi\u00e3o, dentre elas, do jovem advogado itapetinguense, Dr. Jo\u00e3o [&hellip;]<\/p>\n","protected":false},"author":2,"featured_media":97516,"comment_status":"open","ping_status":"open","sticky":false,"template":"","format":"standard","meta":{"footnotes":"","_links_to":"","_links_to_target":""},"categories":[1],"tags":[],"class_list":["post-97513","post","type-post","status-publish","format-standard","has-post-thumbnail","hentry","category-geral"],"views":685,"_links":{"self":[{"href":"https:\/\/www.sudoestehoje.com.br\/novoportal\/wp-json\/wp\/v2\/posts\/97513","targetHints":{"allow":["GET"]}}],"collection":[{"href":"https:\/\/www.sudoestehoje.com.br\/novoportal\/wp-json\/wp\/v2\/posts"}],"about":[{"href":"https:\/\/www.sudoestehoje.com.br\/novoportal\/wp-json\/wp\/v2\/types\/post"}],"author":[{"embeddable":true,"href":"https:\/\/www.sudoestehoje.com.br\/novoportal\/wp-json\/wp\/v2\/users\/2"}],"replies":[{"embeddable":true,"href":"https:\/\/www.sudoestehoje.com.br\/novoportal\/wp-json\/wp\/v2\/comments?post=97513"}],"version-history":[{"count":3,"href":"https:\/\/www.sudoestehoje.com.br\/novoportal\/wp-json\/wp\/v2\/posts\/97513\/revisions"}],"predecessor-version":[{"id":97517,"href":"https:\/\/www.sudoestehoje.com.br\/novoportal\/wp-json\/wp\/v2\/posts\/97513\/revisions\/97517"}],"wp:featuredmedia":[{"embeddable":true,"href":"https:\/\/www.sudoestehoje.com.br\/novoportal\/wp-json\/wp\/v2\/media\/97516"}],"wp:attachment":[{"href":"https:\/\/www.sudoestehoje.com.br\/novoportal\/wp-json\/wp\/v2\/media?parent=97513"}],"wp:term":[{"taxonomy":"category","embeddable":true,"href":"https:\/\/www.sudoestehoje.com.br\/novoportal\/wp-json\/wp\/v2\/categories?post=97513"},{"taxonomy":"post_tag","embeddable":true,"href":"https:\/\/www.sudoestehoje.com.br\/novoportal\/wp-json\/wp\/v2\/tags?post=97513"}],"curies":[{"name":"wp","href":"https:\/\/api.w.org\/{rel}","templated":true}]}}