
{"id":97507,"date":"2021-10-08T07:17:38","date_gmt":"2021-10-08T10:17:38","guid":{"rendered":"https:\/\/www.sudoestehoje.com.br\/novoportal\/?p=97507"},"modified":"2021-10-08T07:17:38","modified_gmt":"2021-10-08T10:17:38","slug":"caatiba-prefeita-tania-ribeiro-entrega-ceasa-para-a-comunidade-caatibense","status":"publish","type":"post","link":"https:\/\/www.sudoestehoje.com.br\/novoportal\/2021\/10\/08\/caatiba-prefeita-tania-ribeiro-entrega-ceasa-para-a-comunidade-caatibense\/","title":{"rendered":"CAATIBA: PREFEITA T\u00c2NIA RIBEIRO ENTREGA CEASA PARA A COMUNIDADE CAATIBENSE"},"content":{"rendered":"<p><a href=\"https:\/\/www.sudoestehoje.com.br\/novoportal\/wp-content\/uploads\/2021\/10\/mercado-caatiba-1.jpg\"><img loading=\"lazy\" decoding=\"async\" class=\"aligncenter size-medium wp-image-97508\" src=\"https:\/\/www.sudoestehoje.com.br\/novoportal\/wp-content\/uploads\/2021\/10\/mercado-caatiba-1-500x324.jpg\" alt=\"\" width=\"500\" height=\"324\" srcset=\"https:\/\/www.sudoestehoje.com.br\/novoportal\/wp-content\/uploads\/2021\/10\/mercado-caatiba-1-500x324.jpg 500w, https:\/\/www.sudoestehoje.com.br\/novoportal\/wp-content\/uploads\/2021\/10\/mercado-caatiba-1-700x454.jpg 700w, https:\/\/www.sudoestehoje.com.br\/novoportal\/wp-content\/uploads\/2021\/10\/mercado-caatiba-1-768x498.jpg 768w, https:\/\/www.sudoestehoje.com.br\/novoportal\/wp-content\/uploads\/2021\/10\/mercado-caatiba-1-1536x996.jpg 1536w, https:\/\/www.sudoestehoje.com.br\/novoportal\/wp-content\/uploads\/2021\/10\/mercado-caatiba-1.jpg 1860w\" sizes=\"auto, (max-width: 500px) 100vw, 500px\" \/><\/a><\/p>\n<p>Uma importante obra da gest\u00e3o da Prefeita T\u00e2nia Ribeiro foi entregue \u00e0 popula\u00e7\u00e3o de Caatiba na tarde desta \u00faltima quinta-feira (07). A Central de Abastecimento (CEASA) encontrava-se em p\u00e9ssimo estado de conserva\u00e7\u00e3o e h\u00e1 muito tempo necessitava do olhar e cuidados do poder p\u00fablico para que pudesse oferecer a comunidade um lugar digno e que atendesse uma antiga reivindica\u00e7\u00e3o da popula\u00e7\u00e3o Caatibense.<\/p>\n<p><a href=\"https:\/\/www.sudoestehoje.com.br\/novoportal\/wp-content\/uploads\/2021\/10\/mercado-3.jpg\"><img loading=\"lazy\" decoding=\"async\" class=\"aligncenter size-medium wp-image-97510\" src=\"https:\/\/www.sudoestehoje.com.br\/novoportal\/wp-content\/uploads\/2021\/10\/mercado-3-500x333.jpg\" alt=\"\" width=\"500\" height=\"333\" srcset=\"https:\/\/www.sudoestehoje.com.br\/novoportal\/wp-content\/uploads\/2021\/10\/mercado-3-500x333.jpg 500w, https:\/\/www.sudoestehoje.com.br\/novoportal\/wp-content\/uploads\/2021\/10\/mercado-3-700x467.jpg 700w, https:\/\/www.sudoestehoje.com.br\/novoportal\/wp-content\/uploads\/2021\/10\/mercado-3-768x512.jpg 768w, https:\/\/www.sudoestehoje.com.br\/novoportal\/wp-content\/uploads\/2021\/10\/mercado-3-1536x1024.jpg 1536w, https:\/\/www.sudoestehoje.com.br\/novoportal\/wp-content\/uploads\/2021\/10\/mercado-3.jpg 1860w\" sizes=\"auto, (max-width: 500px) 100vw, 500px\" \/><\/a>O espa\u00e7o recebeu uma significativa reforma nas depend\u00eancias existentes e ainda foi ampliado para que acomodasse melhor a comercializa\u00e7\u00e3o agr\u00edcola e demais produtos, disponibilizando aos feirantes e consumidores um espa\u00e7o mais organizado, amplo e moderno.<a href=\"https:\/\/www.sudoestehoje.com.br\/novoportal\/wp-content\/uploads\/2021\/10\/mercado-4.jpg\"><img loading=\"lazy\" decoding=\"async\" class=\"aligncenter size-medium wp-image-97511\" src=\"https:\/\/www.sudoestehoje.com.br\/novoportal\/wp-content\/uploads\/2021\/10\/mercado-4-500x333.jpg\" alt=\"\" width=\"500\" height=\"333\" srcset=\"https:\/\/www.sudoestehoje.com.br\/novoportal\/wp-content\/uploads\/2021\/10\/mercado-4-500x333.jpg 500w, https:\/\/www.sudoestehoje.com.br\/novoportal\/wp-content\/uploads\/2021\/10\/mercado-4-700x467.jpg 700w, https:\/\/www.sudoestehoje.com.br\/novoportal\/wp-content\/uploads\/2021\/10\/mercado-4-768x512.jpg 768w, https:\/\/www.sudoestehoje.com.br\/novoportal\/wp-content\/uploads\/2021\/10\/mercado-4-1536x1024.jpg 1536w, https:\/\/www.sudoestehoje.com.br\/novoportal\/wp-content\/uploads\/2021\/10\/mercado-4.jpg 1860w\" sizes=\"auto, (max-width: 500px) 100vw, 500px\" \/><\/a><\/p>\n<p>Em raz\u00e3o da pandemia, o ato simb\u00f3lico de inaugura\u00e7\u00e3o ocorreu com um p\u00fablico restrito, mas que n\u00e3o diminuiu a relev\u00e2ncia do momento.<\/p>\n<p>Al\u00e9m da Prefeita T\u00e2nia Ribeiro e do Vice Humberto Antunes, a abertura do CEASA foi realizada com a participa\u00e7\u00e3o do Legislativo e do Secretariado municipal e de alguns populares. \/\/ASCOM <a href=\"https:\/\/www.facebook.com\/elenylson.zeeba.5?__cft__%5b0%5d=AZW71RkCWlV_I-mCnfKF6ZZSGvCX1yo9lfFwlKo_cLUi7GgKP4ZND8MjGW4a7PbNUPe-2faLxrNIC7ExQ2vRuP3rxzpoa_V_vlDRsHDucniAVMwbDi5mpP8Su1IdONpTo7x67_DhyDMg86VacubzTpi8-rgQRTmwGFqMD6QoJGQRTg&amp;__tn__=-%5dK-y-R\">Caatiba Bahia<\/a><\/p>\n","protected":false},"excerpt":{"rendered":"<p>Uma importante obra da gest\u00e3o da Prefeita T\u00e2nia Ribeiro foi entregue \u00e0 popula\u00e7\u00e3o de Caatiba na tarde desta \u00faltima quinta-feira (07). A Central de Abastecimento (CEASA) encontrava-se em p\u00e9ssimo estado de conserva\u00e7\u00e3o e h\u00e1 muito tempo necessitava do olhar e cuidados do poder p\u00fablico para que pudesse oferecer a comunidade um lugar digno e que [&hellip;]<\/p>\n","protected":false},"author":2,"featured_media":97508,"comment_status":"open","ping_status":"open","sticky":false,"template":"","format":"standard","meta":{"footnotes":"","_links_to":"","_links_to_target":""},"categories":[1],"tags":[],"class_list":["post-97507","post","type-post","status-publish","format-standard","has-post-thumbnail","hentry","category-geral"],"views":803,"_links":{"self":[{"href":"https:\/\/www.sudoestehoje.com.br\/novoportal\/wp-json\/wp\/v2\/posts\/97507","targetHints":{"allow":["GET"]}}],"collection":[{"href":"https:\/\/www.sudoestehoje.com.br\/novoportal\/wp-json\/wp\/v2\/posts"}],"about":[{"href":"https:\/\/www.sudoestehoje.com.br\/novoportal\/wp-json\/wp\/v2\/types\/post"}],"author":[{"embeddable":true,"href":"https:\/\/www.sudoestehoje.com.br\/novoportal\/wp-json\/wp\/v2\/users\/2"}],"replies":[{"embeddable":true,"href":"https:\/\/www.sudoestehoje.com.br\/novoportal\/wp-json\/wp\/v2\/comments?post=97507"}],"version-history":[{"count":1,"href":"https:\/\/www.sudoestehoje.com.br\/novoportal\/wp-json\/wp\/v2\/posts\/97507\/revisions"}],"predecessor-version":[{"id":97512,"href":"https:\/\/www.sudoestehoje.com.br\/novoportal\/wp-json\/wp\/v2\/posts\/97507\/revisions\/97512"}],"wp:featuredmedia":[{"embeddable":true,"href":"https:\/\/www.sudoestehoje.com.br\/novoportal\/wp-json\/wp\/v2\/media\/97508"}],"wp:attachment":[{"href":"https:\/\/www.sudoestehoje.com.br\/novoportal\/wp-json\/wp\/v2\/media?parent=97507"}],"wp:term":[{"taxonomy":"category","embeddable":true,"href":"https:\/\/www.sudoestehoje.com.br\/novoportal\/wp-json\/wp\/v2\/categories?post=97507"},{"taxonomy":"post_tag","embeddable":true,"href":"https:\/\/www.sudoestehoje.com.br\/novoportal\/wp-json\/wp\/v2\/tags?post=97507"}],"curies":[{"name":"wp","href":"https:\/\/api.w.org\/{rel}","templated":true}]}}