
{"id":97471,"date":"2021-10-07T21:25:37","date_gmt":"2021-10-08T00:25:37","guid":{"rendered":"https:\/\/www.sudoestehoje.com.br\/novoportal\/?p=97471"},"modified":"2021-10-07T21:25:37","modified_gmt":"2021-10-08T00:25:37","slug":"itapetinga-registra-mais-uma-morte-por-covid-19-nesta-quinta-feira","status":"publish","type":"post","link":"https:\/\/www.sudoestehoje.com.br\/novoportal\/2021\/10\/07\/itapetinga-registra-mais-uma-morte-por-covid-19-nesta-quinta-feira\/","title":{"rendered":"ITAPETINGA REGISTRA MAIS UMA MORTE POR COVID-19 NESTA QUINTA-FEIRA"},"content":{"rendered":"<p><a href=\"https:\/\/www.sudoestehoje.com.br\/novoportal\/wp-content\/uploads\/2021\/10\/morte-covid.jpg\"><img loading=\"lazy\" decoding=\"async\" class=\"size-medium wp-image-97473\" src=\"https:\/\/www.sudoestehoje.com.br\/novoportal\/wp-content\/uploads\/2021\/10\/morte-covid-500x287.jpg\" alt=\"\" width=\"500\" height=\"287\" srcset=\"https:\/\/www.sudoestehoje.com.br\/novoportal\/wp-content\/uploads\/2021\/10\/morte-covid-500x287.jpg 500w, https:\/\/www.sudoestehoje.com.br\/novoportal\/wp-content\/uploads\/2021\/10\/morte-covid-700x401.jpg 700w, https:\/\/www.sudoestehoje.com.br\/novoportal\/wp-content\/uploads\/2021\/10\/morte-covid.jpg 750w\" sizes=\"auto, (max-width: 500px) 100vw, 500px\" \/><\/a><\/p>\n<p>Com os n\u00fameros da Covid-19 despencando em toda a Bahia, o munic\u00edpio de Itapetinga vem registrando aumento de novos casos e \u00f3bitos, nos \u00faltimos 10 dias, o que vem causando preocupa\u00e7\u00e3o \u00e0s autoridade sanit\u00e1rias e de sa\u00fade do munic\u00edpio.<\/p>\n<p>Da semana passada para c\u00e1, o n\u00famero de casos ativos pulou da casa dos 30 para 80, com 4 \u00f3bitos registrados no per\u00edodo. Nesta quinta (7), o boletim da prefeitura informou mais uma morte causada pela doen\u00e7a, enquanto que em todo o estado da Bahia apenas 5 \u00f3bitos foram registrados nas ultimas 24 horas.<\/p>\n<p>Pelo visto, ainda n\u00e3o d\u00e1 pra relaxar&#8230;<\/p>\n<p><strong><em>Por Davi Ferraz<\/em><\/strong><\/p>\n","protected":false},"excerpt":{"rendered":"<p>Com os n\u00fameros da Covid-19 despencando em toda a Bahia, o munic\u00edpio de Itapetinga vem registrando aumento de novos casos e \u00f3bitos, nos \u00faltimos 10 dias, o que vem causando preocupa\u00e7\u00e3o \u00e0s autoridade sanit\u00e1rias e de sa\u00fade do munic\u00edpio. Da semana passada para c\u00e1, o n\u00famero de casos ativos pulou da casa dos 30 para [&hellip;]<\/p>\n","protected":false},"author":2,"featured_media":97473,"comment_status":"open","ping_status":"open","sticky":false,"template":"","format":"standard","meta":{"footnotes":"","_links_to":"","_links_to_target":""},"categories":[1],"tags":[],"class_list":["post-97471","post","type-post","status-publish","format-standard","has-post-thumbnail","hentry","category-geral"],"views":1276,"_links":{"self":[{"href":"https:\/\/www.sudoestehoje.com.br\/novoportal\/wp-json\/wp\/v2\/posts\/97471","targetHints":{"allow":["GET"]}}],"collection":[{"href":"https:\/\/www.sudoestehoje.com.br\/novoportal\/wp-json\/wp\/v2\/posts"}],"about":[{"href":"https:\/\/www.sudoestehoje.com.br\/novoportal\/wp-json\/wp\/v2\/types\/post"}],"author":[{"embeddable":true,"href":"https:\/\/www.sudoestehoje.com.br\/novoportal\/wp-json\/wp\/v2\/users\/2"}],"replies":[{"embeddable":true,"href":"https:\/\/www.sudoestehoje.com.br\/novoportal\/wp-json\/wp\/v2\/comments?post=97471"}],"version-history":[{"count":2,"href":"https:\/\/www.sudoestehoje.com.br\/novoportal\/wp-json\/wp\/v2\/posts\/97471\/revisions"}],"predecessor-version":[{"id":97474,"href":"https:\/\/www.sudoestehoje.com.br\/novoportal\/wp-json\/wp\/v2\/posts\/97471\/revisions\/97474"}],"wp:featuredmedia":[{"embeddable":true,"href":"https:\/\/www.sudoestehoje.com.br\/novoportal\/wp-json\/wp\/v2\/media\/97473"}],"wp:attachment":[{"href":"https:\/\/www.sudoestehoje.com.br\/novoportal\/wp-json\/wp\/v2\/media?parent=97471"}],"wp:term":[{"taxonomy":"category","embeddable":true,"href":"https:\/\/www.sudoestehoje.com.br\/novoportal\/wp-json\/wp\/v2\/categories?post=97471"},{"taxonomy":"post_tag","embeddable":true,"href":"https:\/\/www.sudoestehoje.com.br\/novoportal\/wp-json\/wp\/v2\/tags?post=97471"}],"curies":[{"name":"wp","href":"https:\/\/api.w.org\/{rel}","templated":true}]}}