
{"id":97465,"date":"2021-10-07T19:51:47","date_gmt":"2021-10-07T22:51:47","guid":{"rendered":"https:\/\/www.sudoestehoje.com.br\/novoportal\/?p=97465"},"modified":"2021-10-07T19:51:47","modified_gmt":"2021-10-07T22:51:47","slug":"lucio-o-mdb-nao-esta-inclinado-a-lado-nenhum-na-disputa-pelo-governo","status":"publish","type":"post","link":"https:\/\/www.sudoestehoje.com.br\/novoportal\/2021\/10\/07\/lucio-o-mdb-nao-esta-inclinado-a-lado-nenhum-na-disputa-pelo-governo\/","title":{"rendered":"L\u00daCIO: O MDB N\u00c3O EST\u00c1 INCLINADO A LADO NENHUM NA DISPUTA PELO GOVERNO"},"content":{"rendered":"<p><a href=\"https:\/\/www.sudoestehoje.com.br\/novoportal\/wp-content\/uploads\/2021\/10\/06032017-lucio-vieira-lima-entrevista-bahiaba-19-foto-izis-moacyr.png\"><img loading=\"lazy\" decoding=\"async\" class=\"aligncenter size-medium wp-image-97466\" src=\"https:\/\/www.sudoestehoje.com.br\/novoportal\/wp-content\/uploads\/2021\/10\/06032017-lucio-vieira-lima-entrevista-bahiaba-19-foto-izis-moacyr-500x350.png\" alt=\"\" width=\"500\" height=\"350\" srcset=\"https:\/\/www.sudoestehoje.com.br\/novoportal\/wp-content\/uploads\/2021\/10\/06032017-lucio-vieira-lima-entrevista-bahiaba-19-foto-izis-moacyr-500x350.png 500w, https:\/\/www.sudoestehoje.com.br\/novoportal\/wp-content\/uploads\/2021\/10\/06032017-lucio-vieira-lima-entrevista-bahiaba-19-foto-izis-moacyr.png 600w\" sizes=\"auto, (max-width: 500px) 100vw, 500px\" \/><\/a><\/p>\n<p>O ex-deputado federal e cacique do MDB baiano, L\u00facio Vieira Lima, afirmou na tarde desta quinta-feira (7) que seu partido n\u00e3o aceita press\u00e3o para decidir logo quem vai apoiar na disputa pelo governo da Bahia nas elei\u00e7\u00f5es do ano que vem. O emedebista ressaltou que a legenda \u201cn\u00e3o est\u00e1 inclinada para lado nenhum\u201d.<\/p>\n<p>\u201cLi em um blog aqui de Salvador que estamos inclinados. Quem inclina \u00e9 a Torre de Pisa, na It\u00e1lia, o Plano Inclinado de Salvador, mas o MDB n\u00e3o. N\u00e3o estamos inclinados para lado nenhum\u201d, disse em entrevista ao programa Conectados, da R\u00e1dio Excelsior.<\/p>\n<p>Segundo ele, o MDB tem seu tempo para tomar a decis\u00e3o e precisa ouvir os diferentes candidatos e suas propostas para escolher quem vai apoiar. L\u00facio admitiu ainda ter conversando diversas vezes com o senador Jaques Wagner (PT), o ex-prefeito de Salvador ACM Neto, e o ministro da Cidadania, Jo\u00e3o Roma (Republicanos), pr\u00e9-candidatos ao Pal\u00e1cio de Ondina.<\/p>\n<p>\u201cComo \u00e9 que querem que o MDB tome uma decis\u00e3o se nem candidatura anunciada tem ainda? Como \u00e9 que dizem que o MDB est\u00e1 longe de Neto, se Neto nem disse se vai ser candidato? Est\u00e1 muito cedo ainda e o MDB vai decidir em seu tempo, conversando. N\u00e3o aceitamos press\u00e3o e n\u00e3o estamos inclinados para lado nenhum, ironizou L\u00facio. <em>\/\/Bahia.Ba<\/em><\/p>\n","protected":false},"excerpt":{"rendered":"<p>O ex-deputado federal e cacique do MDB baiano, L\u00facio Vieira Lima, afirmou na tarde desta quinta-feira (7) que seu partido n\u00e3o aceita press\u00e3o para decidir logo quem vai apoiar na disputa pelo governo da Bahia nas elei\u00e7\u00f5es do ano que vem. O emedebista ressaltou que a legenda \u201cn\u00e3o est\u00e1 inclinada para lado nenhum\u201d. \u201cLi em [&hellip;]<\/p>\n","protected":false},"author":2,"featured_media":97466,"comment_status":"open","ping_status":"open","sticky":false,"template":"","format":"standard","meta":{"footnotes":"","_links_to":"","_links_to_target":""},"categories":[1],"tags":[],"class_list":["post-97465","post","type-post","status-publish","format-standard","has-post-thumbnail","hentry","category-geral"],"views":860,"_links":{"self":[{"href":"https:\/\/www.sudoestehoje.com.br\/novoportal\/wp-json\/wp\/v2\/posts\/97465","targetHints":{"allow":["GET"]}}],"collection":[{"href":"https:\/\/www.sudoestehoje.com.br\/novoportal\/wp-json\/wp\/v2\/posts"}],"about":[{"href":"https:\/\/www.sudoestehoje.com.br\/novoportal\/wp-json\/wp\/v2\/types\/post"}],"author":[{"embeddable":true,"href":"https:\/\/www.sudoestehoje.com.br\/novoportal\/wp-json\/wp\/v2\/users\/2"}],"replies":[{"embeddable":true,"href":"https:\/\/www.sudoestehoje.com.br\/novoportal\/wp-json\/wp\/v2\/comments?post=97465"}],"version-history":[{"count":1,"href":"https:\/\/www.sudoestehoje.com.br\/novoportal\/wp-json\/wp\/v2\/posts\/97465\/revisions"}],"predecessor-version":[{"id":97467,"href":"https:\/\/www.sudoestehoje.com.br\/novoportal\/wp-json\/wp\/v2\/posts\/97465\/revisions\/97467"}],"wp:featuredmedia":[{"embeddable":true,"href":"https:\/\/www.sudoestehoje.com.br\/novoportal\/wp-json\/wp\/v2\/media\/97466"}],"wp:attachment":[{"href":"https:\/\/www.sudoestehoje.com.br\/novoportal\/wp-json\/wp\/v2\/media?parent=97465"}],"wp:term":[{"taxonomy":"category","embeddable":true,"href":"https:\/\/www.sudoestehoje.com.br\/novoportal\/wp-json\/wp\/v2\/categories?post=97465"},{"taxonomy":"post_tag","embeddable":true,"href":"https:\/\/www.sudoestehoje.com.br\/novoportal\/wp-json\/wp\/v2\/tags?post=97465"}],"curies":[{"name":"wp","href":"https:\/\/api.w.org\/{rel}","templated":true}]}}