
{"id":97404,"date":"2021-10-05T08:58:24","date_gmt":"2021-10-05T11:58:24","guid":{"rendered":"https:\/\/www.sudoestehoje.com.br\/novoportal\/?p=97404"},"modified":"2021-10-05T09:56:25","modified_gmt":"2021-10-05T12:56:25","slug":"itapetinga-reabertura-da-matinha-e-adiada-para-12-de-dezembro-com-possibilidade-de-vinda-de-bolsonaro","status":"publish","type":"post","link":"https:\/\/www.sudoestehoje.com.br\/novoportal\/2021\/10\/05\/itapetinga-reabertura-da-matinha-e-adiada-para-12-de-dezembro-com-possibilidade-de-vinda-de-bolsonaro\/","title":{"rendered":"ITAPETINGA: REABERTURA DA MATINHA \u00c9 ADIADA PARA 12 DE DEZEMBRO COM POSSIBILIDADE DE VINDA DE BOLSONARO"},"content":{"rendered":"<p><a href=\"https:\/\/www.sudoestehoje.com.br\/novoportal\/wp-content\/uploads\/2021\/10\/PARQUE-DA-MATINHA-FOTO-01.jpg\"><img loading=\"lazy\" decoding=\"async\" class=\"aligncenter size-medium wp-image-97407\" src=\"https:\/\/www.sudoestehoje.com.br\/novoportal\/wp-content\/uploads\/2021\/10\/PARQUE-DA-MATINHA-FOTO-01-500x281.jpg\" alt=\"\" width=\"500\" height=\"281\" srcset=\"https:\/\/www.sudoestehoje.com.br\/novoportal\/wp-content\/uploads\/2021\/10\/PARQUE-DA-MATINHA-FOTO-01-500x281.jpg 500w, https:\/\/www.sudoestehoje.com.br\/novoportal\/wp-content\/uploads\/2021\/10\/PARQUE-DA-MATINHA-FOTO-01-700x394.jpg 700w, https:\/\/www.sudoestehoje.com.br\/novoportal\/wp-content\/uploads\/2021\/10\/PARQUE-DA-MATINHA-FOTO-01-768x432.jpg 768w, https:\/\/www.sudoestehoje.com.br\/novoportal\/wp-content\/uploads\/2021\/10\/PARQUE-DA-MATINHA-FOTO-01.jpg 1280w\" sizes=\"auto, (max-width: 500px) 100vw, 500px\" \/><\/a><\/p>\n<p>Na noite desta segunda-feira (4), no programa de r\u00e1dio Pod Cast, na R\u00e1dio Fascina\u00e7\u00e3o, o secret\u00e1rio F\u00e1bio Viana, do Meio Ambiente anunciou a reabertura do Parque Zoobot\u00e2nico da Matinha, em Itapetinga, fechado desde 2013, para o dia 12 de dezembro pr\u00f3ximo, data comemorativa do anivers\u00e1rio da cidade.<\/p>\n<p>Anteriormente, o Sudoeste Hoje havia anunciado a reabertura para o dia 12 de outubro, Dia das Crian\u00e7as, de acordo com informa\u00e7\u00e3o exclusiva do prefeito Rodrigo Hagge, mas alguns entraves burocr\u00e1ticos acabaram inviabilizando a pretens\u00e3o do prefeito, e nova data foi fixada.<\/p>\n<p>BOLSONARO VEM OU N\u00c3O VEM?<\/p>\n<p>Na cidade, existe uma grande expectativa da vinda do Presidente Jair Bolsonaro ao evento, j\u00e1 que o convite foi encaminhado atrav\u00e9s do Ministro da Cidadania, Jo\u00e3o Roma, amigo pessoal do prefeito Rodrigo Hagge.<\/p>\n<p>A assessoria da Presid\u00eancia da Rep\u00fablica ainda n\u00e3o respondeu ao convite, mas h\u00e1 quem afirme, nos meios governamentais, que h\u00e1 grande possibilidade da visita a Itapetinga, um dos redutos do &#8216;bolsonarismo&#8217; na Bahia.<\/p>\n<p>Ser\u00e1 que vem?<\/p>\n<p><strong><em>Por Davi Ferraz<\/em><\/strong><\/p>\n","protected":false},"excerpt":{"rendered":"<p>Na noite desta segunda-feira (4), no programa de r\u00e1dio Pod Cast, na R\u00e1dio Fascina\u00e7\u00e3o, o secret\u00e1rio F\u00e1bio Viana, do Meio Ambiente anunciou a reabertura do Parque Zoobot\u00e2nico da Matinha, em Itapetinga, fechado desde 2013, para o dia 12 de dezembro pr\u00f3ximo, data comemorativa do anivers\u00e1rio da cidade. Anteriormente, o Sudoeste Hoje havia anunciado a reabertura [&hellip;]<\/p>\n","protected":false},"author":2,"featured_media":97407,"comment_status":"open","ping_status":"open","sticky":false,"template":"","format":"standard","meta":{"footnotes":"","_links_to":"","_links_to_target":""},"categories":[1],"tags":[],"class_list":["post-97404","post","type-post","status-publish","format-standard","has-post-thumbnail","hentry","category-geral"],"views":2252,"_links":{"self":[{"href":"https:\/\/www.sudoestehoje.com.br\/novoportal\/wp-json\/wp\/v2\/posts\/97404","targetHints":{"allow":["GET"]}}],"collection":[{"href":"https:\/\/www.sudoestehoje.com.br\/novoportal\/wp-json\/wp\/v2\/posts"}],"about":[{"href":"https:\/\/www.sudoestehoje.com.br\/novoportal\/wp-json\/wp\/v2\/types\/post"}],"author":[{"embeddable":true,"href":"https:\/\/www.sudoestehoje.com.br\/novoportal\/wp-json\/wp\/v2\/users\/2"}],"replies":[{"embeddable":true,"href":"https:\/\/www.sudoestehoje.com.br\/novoportal\/wp-json\/wp\/v2\/comments?post=97404"}],"version-history":[{"count":4,"href":"https:\/\/www.sudoestehoje.com.br\/novoportal\/wp-json\/wp\/v2\/posts\/97404\/revisions"}],"predecessor-version":[{"id":97409,"href":"https:\/\/www.sudoestehoje.com.br\/novoportal\/wp-json\/wp\/v2\/posts\/97404\/revisions\/97409"}],"wp:featuredmedia":[{"embeddable":true,"href":"https:\/\/www.sudoestehoje.com.br\/novoportal\/wp-json\/wp\/v2\/media\/97407"}],"wp:attachment":[{"href":"https:\/\/www.sudoestehoje.com.br\/novoportal\/wp-json\/wp\/v2\/media?parent=97404"}],"wp:term":[{"taxonomy":"category","embeddable":true,"href":"https:\/\/www.sudoestehoje.com.br\/novoportal\/wp-json\/wp\/v2\/categories?post=97404"},{"taxonomy":"post_tag","embeddable":true,"href":"https:\/\/www.sudoestehoje.com.br\/novoportal\/wp-json\/wp\/v2\/tags?post=97404"}],"curies":[{"name":"wp","href":"https:\/\/api.w.org\/{rel}","templated":true}]}}