
{"id":97398,"date":"2021-10-04T20:22:50","date_gmt":"2021-10-04T23:22:50","guid":{"rendered":"https:\/\/www.sudoestehoje.com.br\/novoportal\/?p=97398"},"modified":"2021-10-04T20:22:50","modified_gmt":"2021-10-04T23:22:50","slug":"whatsapp-facebook-e-instagram-voltam-apos-mais-de-seis-horas-fora-do-ar","status":"publish","type":"post","link":"https:\/\/www.sudoestehoje.com.br\/novoportal\/2021\/10\/04\/whatsapp-facebook-e-instagram-voltam-apos-mais-de-seis-horas-fora-do-ar\/","title":{"rendered":"WHATSAPP, FACEBOOK E INSTAGRAM VOLTAM AP\u00d3S MAIS DE SEIS HORAS FORA DO AR"},"content":{"rendered":"<p><a href=\"https:\/\/www.sudoestehoje.com.br\/novoportal\/wp-content\/uploads\/2021\/10\/REDES.jpg\"><img loading=\"lazy\" decoding=\"async\" class=\"aligncenter size-medium wp-image-97401\" src=\"https:\/\/www.sudoestehoje.com.br\/novoportal\/wp-content\/uploads\/2021\/10\/REDES-500x287.jpg\" alt=\"\" width=\"500\" height=\"287\" srcset=\"https:\/\/www.sudoestehoje.com.br\/novoportal\/wp-content\/uploads\/2021\/10\/REDES-500x287.jpg 500w, https:\/\/www.sudoestehoje.com.br\/novoportal\/wp-content\/uploads\/2021\/10\/REDES.jpg 512w\" sizes=\"auto, (max-width: 500px) 100vw, 500px\" \/><\/a><\/p>\n<p>Grandes redes sociais relacionadas ao Facebook ficaram inacess\u00edveis\u00a0hoje (4) no in\u00edcio da tarde e come\u00e7aram a ser restabelecidas por volta de 19h20. O Facebook \u2013 a maior rede social do mundo -, o Instagram \u2013 a mais popular plataforma de compartilhamento de imagens \u2013 e o WhatsApp \u2013 o aplicativo de troca de mensagens via celular preferido dos brasileiros \u2013 ficaram indispon\u00edveis para os usu\u00e1rios por uma falha ainda n\u00e3o detalhada pelo conglomerado.<\/p>\n<p>Outras plataformas sociais, como o Telegram e o Twitter, apresentaram instabilidades e funcionam de maneira intermitente, com usu\u00e1rios de todo o mundo registrando queixas pelo servi\u00e7o internacional de monitoramento de servidores e aplicativos Downdetector.<\/p>\n<p>Pouco antes das 17h, Mike Schroepfer, oficial-chefe de tecnologia do Facebook, publicou um pedido de desculpas para os usu\u00e1rios impactados pelo que classificou como \u201cerros de rede\u201d.<\/p>\n","protected":false},"excerpt":{"rendered":"<p>Grandes redes sociais relacionadas ao Facebook ficaram inacess\u00edveis\u00a0hoje (4) no in\u00edcio da tarde e come\u00e7aram a ser restabelecidas por volta de 19h20. O Facebook \u2013 a maior rede social do mundo -, o Instagram \u2013 a mais popular plataforma de compartilhamento de imagens \u2013 e o WhatsApp \u2013 o aplicativo de troca de mensagens via [&hellip;]<\/p>\n","protected":false},"author":2,"featured_media":97401,"comment_status":"open","ping_status":"open","sticky":false,"template":"","format":"standard","meta":{"footnotes":"","_links_to":"","_links_to_target":""},"categories":[1],"tags":[],"class_list":["post-97398","post","type-post","status-publish","format-standard","has-post-thumbnail","hentry","category-geral"],"views":946,"_links":{"self":[{"href":"https:\/\/www.sudoestehoje.com.br\/novoportal\/wp-json\/wp\/v2\/posts\/97398","targetHints":{"allow":["GET"]}}],"collection":[{"href":"https:\/\/www.sudoestehoje.com.br\/novoportal\/wp-json\/wp\/v2\/posts"}],"about":[{"href":"https:\/\/www.sudoestehoje.com.br\/novoportal\/wp-json\/wp\/v2\/types\/post"}],"author":[{"embeddable":true,"href":"https:\/\/www.sudoestehoje.com.br\/novoportal\/wp-json\/wp\/v2\/users\/2"}],"replies":[{"embeddable":true,"href":"https:\/\/www.sudoestehoje.com.br\/novoportal\/wp-json\/wp\/v2\/comments?post=97398"}],"version-history":[{"count":4,"href":"https:\/\/www.sudoestehoje.com.br\/novoportal\/wp-json\/wp\/v2\/posts\/97398\/revisions"}],"predecessor-version":[{"id":97403,"href":"https:\/\/www.sudoestehoje.com.br\/novoportal\/wp-json\/wp\/v2\/posts\/97398\/revisions\/97403"}],"wp:featuredmedia":[{"embeddable":true,"href":"https:\/\/www.sudoestehoje.com.br\/novoportal\/wp-json\/wp\/v2\/media\/97401"}],"wp:attachment":[{"href":"https:\/\/www.sudoestehoje.com.br\/novoportal\/wp-json\/wp\/v2\/media?parent=97398"}],"wp:term":[{"taxonomy":"category","embeddable":true,"href":"https:\/\/www.sudoestehoje.com.br\/novoportal\/wp-json\/wp\/v2\/categories?post=97398"},{"taxonomy":"post_tag","embeddable":true,"href":"https:\/\/www.sudoestehoje.com.br\/novoportal\/wp-json\/wp\/v2\/tags?post=97398"}],"curies":[{"name":"wp","href":"https:\/\/api.w.org\/{rel}","templated":true}]}}