
{"id":97376,"date":"2021-10-03T20:30:48","date_gmt":"2021-10-03T23:30:48","guid":{"rendered":"https:\/\/www.sudoestehoje.com.br\/novoportal\/?p=97376"},"modified":"2021-10-03T21:31:26","modified_gmt":"2021-10-04T00:31:26","slug":"ministerio-da-saude-prepara-abandono-da-vacina-coravac-a-partir-de-2022","status":"publish","type":"post","link":"https:\/\/www.sudoestehoje.com.br\/novoportal\/2021\/10\/03\/ministerio-da-saude-prepara-abandono-da-vacina-coravac-a-partir-de-2022\/","title":{"rendered":"MINIST\u00c9RIO DA SA\u00daDE PREPARA ABANDONO DA VACINA CORONAVAC A PARTIR DE 2022"},"content":{"rendered":"<p><a href=\"https:\/\/www.sudoestehoje.com.br\/novoportal\/wp-content\/uploads\/2021\/10\/554060.jpg\"><img loading=\"lazy\" decoding=\"async\" class=\"aligncenter size-medium wp-image-97377\" src=\"https:\/\/www.sudoestehoje.com.br\/novoportal\/wp-content\/uploads\/2021\/10\/554060-500x333.jpg\" alt=\"\" width=\"500\" height=\"333\" srcset=\"https:\/\/www.sudoestehoje.com.br\/novoportal\/wp-content\/uploads\/2021\/10\/554060-500x333.jpg 500w, https:\/\/www.sudoestehoje.com.br\/novoportal\/wp-content\/uploads\/2021\/10\/554060.jpg 660w\" sizes=\"auto, (max-width: 500px) 100vw, 500px\" \/><\/a><\/p>\n<p>Com o fim do contrato da Coronavac previsto para este m\u00eas, o Minist\u00e9rio da Sa\u00fade n\u00e3o tem mais inten\u00e7\u00e3o de adquirir novas remessas do imunizante. A informa\u00e7\u00e3o foi divulgada pelo\u00a0<a href=\"https:\/\/www.metropoles.com\/brasil\/ministerio-da-saude-prepara-abandono-da-coronavac-a-partir-de-2022\">Metr\u00f3poles<\/a>, parceiro do Bahia Not\u00edcias.<\/p>\n<p>&#8220;A Coronavac ainda est\u00e1 com o registro emergencial pela Anvisa. Assim, compras futuras (dentro do planejamento do pr\u00f3ximo ano) n\u00e3o mais se justificam legalmente por \u00f3rg\u00e3o p\u00fablico nessa situa\u00e7\u00e3o&#8221;, disse um integrante do \u00f3rg\u00e3o federal.<\/p>\n<p>Outra justificativa durante as discuss\u00f5es \u00e9 a inexist\u00eancia de autoriza\u00e7\u00e3o da Ag\u00eancia Nacional de Vigil\u00e2ncia Sanit\u00e1ria (Anvisa) para aplica\u00e7\u00e3o da Coronavac em adolescentes. Ainda segundo a publica\u00e7\u00e3o, o fato de que normas t\u00e9cnicas n\u00e3o recomendam a vacina como dose de refor\u00e7o seria outro argumento.<\/p>\n","protected":false},"excerpt":{"rendered":"<p>Com o fim do contrato da Coronavac previsto para este m\u00eas, o Minist\u00e9rio da Sa\u00fade n\u00e3o tem mais inten\u00e7\u00e3o de adquirir novas remessas do imunizante. A informa\u00e7\u00e3o foi divulgada pelo\u00a0Metr\u00f3poles, parceiro do Bahia Not\u00edcias. &#8220;A Coronavac ainda est\u00e1 com o registro emergencial pela Anvisa. Assim, compras futuras (dentro do planejamento do pr\u00f3ximo ano) n\u00e3o mais [&hellip;]<\/p>\n","protected":false},"author":2,"featured_media":97377,"comment_status":"open","ping_status":"open","sticky":false,"template":"","format":"standard","meta":{"footnotes":"","_links_to":"","_links_to_target":""},"categories":[1],"tags":[],"class_list":["post-97376","post","type-post","status-publish","format-standard","has-post-thumbnail","hentry","category-geral"],"views":794,"_links":{"self":[{"href":"https:\/\/www.sudoestehoje.com.br\/novoportal\/wp-json\/wp\/v2\/posts\/97376","targetHints":{"allow":["GET"]}}],"collection":[{"href":"https:\/\/www.sudoestehoje.com.br\/novoportal\/wp-json\/wp\/v2\/posts"}],"about":[{"href":"https:\/\/www.sudoestehoje.com.br\/novoportal\/wp-json\/wp\/v2\/types\/post"}],"author":[{"embeddable":true,"href":"https:\/\/www.sudoestehoje.com.br\/novoportal\/wp-json\/wp\/v2\/users\/2"}],"replies":[{"embeddable":true,"href":"https:\/\/www.sudoestehoje.com.br\/novoportal\/wp-json\/wp\/v2\/comments?post=97376"}],"version-history":[{"count":4,"href":"https:\/\/www.sudoestehoje.com.br\/novoportal\/wp-json\/wp\/v2\/posts\/97376\/revisions"}],"predecessor-version":[{"id":97381,"href":"https:\/\/www.sudoestehoje.com.br\/novoportal\/wp-json\/wp\/v2\/posts\/97376\/revisions\/97381"}],"wp:featuredmedia":[{"embeddable":true,"href":"https:\/\/www.sudoestehoje.com.br\/novoportal\/wp-json\/wp\/v2\/media\/97377"}],"wp:attachment":[{"href":"https:\/\/www.sudoestehoje.com.br\/novoportal\/wp-json\/wp\/v2\/media?parent=97376"}],"wp:term":[{"taxonomy":"category","embeddable":true,"href":"https:\/\/www.sudoestehoje.com.br\/novoportal\/wp-json\/wp\/v2\/categories?post=97376"},{"taxonomy":"post_tag","embeddable":true,"href":"https:\/\/www.sudoestehoje.com.br\/novoportal\/wp-json\/wp\/v2\/tags?post=97376"}],"curies":[{"name":"wp","href":"https:\/\/api.w.org\/{rel}","templated":true}]}}