
{"id":97350,"date":"2021-10-01T21:42:38","date_gmt":"2021-10-02T00:42:38","guid":{"rendered":"https:\/\/www.sudoestehoje.com.br\/novoportal\/?p=97350"},"modified":"2021-10-03T20:18:26","modified_gmt":"2021-10-03T23:18:26","slug":"fundacao-jose-silveira-da-inicio-a-campanha-outubro-rosa-em-itapetinga","status":"publish","type":"post","link":"https:\/\/www.sudoestehoje.com.br\/novoportal\/2021\/10\/01\/fundacao-jose-silveira-da-inicio-a-campanha-outubro-rosa-em-itapetinga\/","title":{"rendered":"FUNDA\u00c7\u00c3O JOS\u00c9 SILVEIRA D\u00c1 INICIO \u00c0 CAMPANHA &#8216;OUTUBRO ROSA&#8217; EM ITAPETINGA"},"content":{"rendered":"<p><a href=\"https:\/\/www.sudoestehoje.com.br\/novoportal\/wp-content\/uploads\/2021\/10\/out-1.jpeg\"><img loading=\"lazy\" decoding=\"async\" class=\"aligncenter size-medium wp-image-97351\" src=\"https:\/\/www.sudoestehoje.com.br\/novoportal\/wp-content\/uploads\/2021\/10\/out-1-500x230.jpeg\" alt=\"\" width=\"500\" height=\"230\" srcset=\"https:\/\/www.sudoestehoje.com.br\/novoportal\/wp-content\/uploads\/2021\/10\/out-1-500x230.jpeg 500w, https:\/\/www.sudoestehoje.com.br\/novoportal\/wp-content\/uploads\/2021\/10\/out-1-700x323.jpeg 700w, https:\/\/www.sudoestehoje.com.br\/novoportal\/wp-content\/uploads\/2021\/10\/out-1-768x354.jpeg 768w, https:\/\/www.sudoestehoje.com.br\/novoportal\/wp-content\/uploads\/2021\/10\/out-1.jpeg 1280w\" sizes=\"auto, (max-width: 500px) 100vw, 500px\" \/><\/a><\/p>\n<p>Teve in\u00edcio, nesta sexta-feira (1) a campanha <strong><em>\u201cOutubro Rosa\u201d,<\/em><\/strong> no Hospital Cristo Redentor\/Funda\u00e7\u00e3o Jos\u00e9 Silveira com a participa\u00e7\u00e3o dos colaboradores, representantes do Poder Legislativo, secret\u00e1rios e imprensa.<\/p>\n<p>Na solenidade de abertura, a coordenadora Ana B\u00e1rbara Matos fez in\u00fameros agradecimentos \u00e0s pessoas presentes ao evento e aos seus colaboradores.<\/p>\n<p><a href=\"https:\/\/www.sudoestehoje.com.br\/novoportal\/wp-content\/uploads\/2021\/10\/out-2.jpeg\"><img loading=\"lazy\" decoding=\"async\" class=\"aligncenter size-medium wp-image-97352\" src=\"https:\/\/www.sudoestehoje.com.br\/novoportal\/wp-content\/uploads\/2021\/10\/out-2-500x230.jpeg\" alt=\"\" width=\"500\" height=\"230\" srcset=\"https:\/\/www.sudoestehoje.com.br\/novoportal\/wp-content\/uploads\/2021\/10\/out-2-500x230.jpeg 500w, https:\/\/www.sudoestehoje.com.br\/novoportal\/wp-content\/uploads\/2021\/10\/out-2-700x322.jpeg 700w, https:\/\/www.sudoestehoje.com.br\/novoportal\/wp-content\/uploads\/2021\/10\/out-2-768x353.jpeg 768w, https:\/\/www.sudoestehoje.com.br\/novoportal\/wp-content\/uploads\/2021\/10\/out-2.jpeg 1280w\" sizes=\"auto, (max-width: 500px) 100vw, 500px\" \/><\/a><\/p>\n<p><em>&#8220;Agrade\u00e7o a empres\u00e1ria Karol Ferreira por destinar mimos para nossos Anjos da Sa\u00fade e compartilhar sua hist\u00f3ria de supera\u00e7\u00e3o, ao Pastor Odinei por ministrar palavras de \u00e2nimo e f\u00e9, a amiga K\u00e1tia Espinheira pelo apoio na organiza\u00e7\u00e3o e incentivo nas a\u00e7\u00f5es. Gratid\u00e3o aos vereadores Valquir\u00e3o, Anderson da Nova, Neto, Tuca, H\u00e9lder do Bandeira, Peto, Tarug\u00e3o, Pastor Evandro e Tiquinho por estarem sempre presentes acompanhando o nosso trabalho de perto. Meu agradecimento especial ao prefeito Rodrigo Hagge, representado por sua esposa Yasmin Hagge por apoiar e incentivar o trabalho em defesa pela Sa\u00fade, a amiga e secret\u00e1ria de Desenvolvimento Social Andr\u00e9a Carolina por desenvolver a\u00e7\u00f5es que beneficiam a nossa comunidade. Estamos juntos nessa causa!&#8221;<\/em>, finalizou.<\/p>\n<p><a href=\"https:\/\/www.sudoestehoje.com.br\/novoportal\/wp-content\/uploads\/2021\/10\/out-5.jpeg\"><img loading=\"lazy\" decoding=\"async\" class=\"aligncenter size-medium wp-image-97355\" src=\"https:\/\/www.sudoestehoje.com.br\/novoportal\/wp-content\/uploads\/2021\/10\/out-5-500x230.jpeg\" alt=\"\" width=\"500\" height=\"230\" srcset=\"https:\/\/www.sudoestehoje.com.br\/novoportal\/wp-content\/uploads\/2021\/10\/out-5-500x230.jpeg 500w, https:\/\/www.sudoestehoje.com.br\/novoportal\/wp-content\/uploads\/2021\/10\/out-5-700x322.jpeg 700w, https:\/\/www.sudoestehoje.com.br\/novoportal\/wp-content\/uploads\/2021\/10\/out-5-768x353.jpeg 768w, https:\/\/www.sudoestehoje.com.br\/novoportal\/wp-content\/uploads\/2021\/10\/out-5.jpeg 1280w\" sizes=\"auto, (max-width: 500px) 100vw, 500px\" \/><\/a><\/p>\n\n\t\t<style type=\"text\/css\">\n\t\t\t#gallery-1 {\n\t\t\t\tmargin: auto;\n\t\t\t}\n\t\t\t#gallery-1 .gallery-item {\n\t\t\t\tfloat: left;\n\t\t\t\tmargin-top: 10px;\n\t\t\t\ttext-align: center;\n\t\t\t\twidth: 33%;\n\t\t\t}\n\t\t\t#gallery-1 img {\n\t\t\t\tborder: 2px solid #cfcfcf;\n\t\t\t}\n\t\t\t#gallery-1 .gallery-caption {\n\t\t\t\tmargin-left: 0;\n\t\t\t}\n\t\t\t\/* see gallery_shortcode() in wp-includes\/media.php *\/\n\t\t<\/style>\n\t\t<div id='gallery-1' class='gallery galleryid-97350 gallery-columns-3 gallery-size-thumbnail'><dl class='gallery-item'>\n\t\t\t<dt class='gallery-icon landscape'>\n\t\t\t\t<a href='https:\/\/www.sudoestehoje.com.br\/novoportal\/2021\/10\/01\/fundacao-jose-silveira-da-inicio-a-campanha-outubro-rosa-em-itapetinga\/out-3\/'><img loading=\"lazy\" decoding=\"async\" width=\"150\" height=\"150\" src=\"https:\/\/www.sudoestehoje.com.br\/novoportal\/wp-content\/uploads\/2021\/10\/out-3-150x150.jpeg\" class=\"attachment-thumbnail size-thumbnail\" alt=\"\" \/><\/a>\n\t\t\t<\/dt><\/dl><dl class='gallery-item'>\n\t\t\t<dt class='gallery-icon landscape'>\n\t\t\t\t<a href='https:\/\/www.sudoestehoje.com.br\/novoportal\/2021\/10\/01\/fundacao-jose-silveira-da-inicio-a-campanha-outubro-rosa-em-itapetinga\/out-9\/'><img loading=\"lazy\" decoding=\"async\" width=\"150\" height=\"150\" src=\"https:\/\/www.sudoestehoje.com.br\/novoportal\/wp-content\/uploads\/2021\/10\/out-9-150x150.jpeg\" class=\"attachment-thumbnail size-thumbnail\" alt=\"\" \/><\/a>\n\t\t\t<\/dt><\/dl><dl class='gallery-item'>\n\t\t\t<dt class='gallery-icon landscape'>\n\t\t\t\t<a href='https:\/\/www.sudoestehoje.com.br\/novoportal\/2021\/10\/01\/fundacao-jose-silveira-da-inicio-a-campanha-outubro-rosa-em-itapetinga\/out-8\/'><img loading=\"lazy\" decoding=\"async\" width=\"150\" height=\"150\" src=\"https:\/\/www.sudoestehoje.com.br\/novoportal\/wp-content\/uploads\/2021\/10\/out-8-150x150.jpeg\" class=\"attachment-thumbnail size-thumbnail\" alt=\"\" \/><\/a>\n\t\t\t<\/dt><\/dl><br style=\"clear: both\" \/><dl class='gallery-item'>\n\t\t\t<dt class='gallery-icon landscape'>\n\t\t\t\t<a href='https:\/\/www.sudoestehoje.com.br\/novoportal\/2021\/10\/01\/fundacao-jose-silveira-da-inicio-a-campanha-outubro-rosa-em-itapetinga\/out-7\/'><img loading=\"lazy\" decoding=\"async\" width=\"150\" height=\"150\" src=\"https:\/\/www.sudoestehoje.com.br\/novoportal\/wp-content\/uploads\/2021\/10\/out-7-150x150.jpeg\" class=\"attachment-thumbnail size-thumbnail\" alt=\"\" \/><\/a>\n\t\t\t<\/dt><\/dl><dl class='gallery-item'>\n\t\t\t<dt class='gallery-icon landscape'>\n\t\t\t\t<a href='https:\/\/www.sudoestehoje.com.br\/novoportal\/2021\/10\/01\/fundacao-jose-silveira-da-inicio-a-campanha-outubro-rosa-em-itapetinga\/out-6\/'><img loading=\"lazy\" decoding=\"async\" width=\"150\" height=\"150\" src=\"https:\/\/www.sudoestehoje.com.br\/novoportal\/wp-content\/uploads\/2021\/10\/out-6-150x150.jpeg\" class=\"attachment-thumbnail size-thumbnail\" alt=\"\" \/><\/a>\n\t\t\t<\/dt><\/dl><dl class='gallery-item'>\n\t\t\t<dt class='gallery-icon landscape'>\n\t\t\t\t<a href='https:\/\/www.sudoestehoje.com.br\/novoportal\/2021\/10\/01\/fundacao-jose-silveira-da-inicio-a-campanha-outubro-rosa-em-itapetinga\/out-2-2\/'><img loading=\"lazy\" decoding=\"async\" width=\"150\" height=\"150\" src=\"https:\/\/www.sudoestehoje.com.br\/novoportal\/wp-content\/uploads\/2021\/10\/out-2-150x150.jpeg\" class=\"attachment-thumbnail size-thumbnail\" alt=\"\" \/><\/a>\n\t\t\t<\/dt><\/dl><br style=\"clear: both\" \/>\n\t\t<\/div>\n\n<p><strong><em>Reda\u00e7\u00e3o (Fotos Gazinho)<\/em><\/strong><\/p>\n","protected":false},"excerpt":{"rendered":"<p>Teve in\u00edcio, nesta sexta-feira (1) a campanha \u201cOutubro Rosa\u201d, no Hospital Cristo Redentor\/Funda\u00e7\u00e3o Jos\u00e9 Silveira com a participa\u00e7\u00e3o dos colaboradores, representantes do Poder Legislativo, secret\u00e1rios e imprensa. Na solenidade de abertura, a coordenadora Ana B\u00e1rbara Matos fez in\u00fameros agradecimentos \u00e0s pessoas presentes ao evento e aos seus colaboradores. &#8220;Agrade\u00e7o a empres\u00e1ria Karol Ferreira por destinar [&hellip;]<\/p>\n","protected":false},"author":2,"featured_media":97351,"comment_status":"open","ping_status":"open","sticky":false,"template":"","format":"standard","meta":{"footnotes":"","_links_to":"","_links_to_target":""},"categories":[1],"tags":[],"class_list":["post-97350","post","type-post","status-publish","format-standard","has-post-thumbnail","hentry","category-geral"],"views":1027,"_links":{"self":[{"href":"https:\/\/www.sudoestehoje.com.br\/novoportal\/wp-json\/wp\/v2\/posts\/97350","targetHints":{"allow":["GET"]}}],"collection":[{"href":"https:\/\/www.sudoestehoje.com.br\/novoportal\/wp-json\/wp\/v2\/posts"}],"about":[{"href":"https:\/\/www.sudoestehoje.com.br\/novoportal\/wp-json\/wp\/v2\/types\/post"}],"author":[{"embeddable":true,"href":"https:\/\/www.sudoestehoje.com.br\/novoportal\/wp-json\/wp\/v2\/users\/2"}],"replies":[{"embeddable":true,"href":"https:\/\/www.sudoestehoje.com.br\/novoportal\/wp-json\/wp\/v2\/comments?post=97350"}],"version-history":[{"count":3,"href":"https:\/\/www.sudoestehoje.com.br\/novoportal\/wp-json\/wp\/v2\/posts\/97350\/revisions"}],"predecessor-version":[{"id":97374,"href":"https:\/\/www.sudoestehoje.com.br\/novoportal\/wp-json\/wp\/v2\/posts\/97350\/revisions\/97374"}],"wp:featuredmedia":[{"embeddable":true,"href":"https:\/\/www.sudoestehoje.com.br\/novoportal\/wp-json\/wp\/v2\/media\/97351"}],"wp:attachment":[{"href":"https:\/\/www.sudoestehoje.com.br\/novoportal\/wp-json\/wp\/v2\/media?parent=97350"}],"wp:term":[{"taxonomy":"category","embeddable":true,"href":"https:\/\/www.sudoestehoje.com.br\/novoportal\/wp-json\/wp\/v2\/categories?post=97350"},{"taxonomy":"post_tag","embeddable":true,"href":"https:\/\/www.sudoestehoje.com.br\/novoportal\/wp-json\/wp\/v2\/tags?post=97350"}],"curies":[{"name":"wp","href":"https:\/\/api.w.org\/{rel}","templated":true}]}}