
{"id":97343,"date":"2021-09-30T19:41:48","date_gmt":"2021-09-30T22:41:48","guid":{"rendered":"https:\/\/www.sudoestehoje.com.br\/novoportal\/?p=97343"},"modified":"2021-09-30T19:41:48","modified_gmt":"2021-09-30T22:41:48","slug":"governador-adia-volta-as-aulas-100-presenciais-na-escolas-da-bahia","status":"publish","type":"post","link":"https:\/\/www.sudoestehoje.com.br\/novoportal\/2021\/09\/30\/governador-adia-volta-as-aulas-100-presenciais-na-escolas-da-bahia\/","title":{"rendered":"GOVERNADOR ADIA VOLTA \u00c0S AULAS 100% PRESENCIAIS NA ESCOLAS DA BAHIA"},"content":{"rendered":"<p><a href=\"https:\/\/www.sudoestehoje.com.br\/novoportal\/wp-content\/uploads\/2021\/09\/RUI-ADIA-AULAS.jpg\"><img loading=\"lazy\" decoding=\"async\" class=\"aligncenter size-medium wp-image-97344\" src=\"https:\/\/www.sudoestehoje.com.br\/novoportal\/wp-content\/uploads\/2021\/09\/RUI-ADIA-AULAS-500x275.jpg\" alt=\"\" width=\"500\" height=\"275\" srcset=\"https:\/\/www.sudoestehoje.com.br\/novoportal\/wp-content\/uploads\/2021\/09\/RUI-ADIA-AULAS-500x275.jpg 500w, https:\/\/www.sudoestehoje.com.br\/novoportal\/wp-content\/uploads\/2021\/09\/RUI-ADIA-AULAS.jpg 512w\" sizes=\"auto, (max-width: 500px) 100vw, 500px\" \/><\/a><\/p>\n<p>O governador Rui Costa (PT) anunciou nesta quinta-feira (30) que o retorno das aulas 100% presenciais foi adiado na Bahia por causa do aumento de casos ativos de Covid-19, registrado no estado nos \u00faltimos dias. Os planos de retomada estavam previstos para o m\u00eas de outubro.<\/p>\n<p>\u201cOs n\u00fameros vinham caindo. Ca\u00edram at\u00e9 dois mil casos di\u00e1rios. Eu j\u00e1 tinha acionado a Secretaria da Educa\u00e7\u00e3o para iniciar, em outubro, as aulas 100% presenciais. Mas infelizmente, para nossa surpresa e tristeza, os n\u00fameros subiram bastante. Em 10 dias, subiram de 2 mil para 2.700 casos ativos, o que fez com que a gente desse um freio nesse processo de libera\u00e7\u00e3o e vamos aguardar o que vai acontecer nos pr\u00f3ximos dias\u201d, comentou.<\/p>\n<p>Rui Costa destacou que as autoridades seguem monitorando as estat\u00edsticas e analisam o melhor momento para colocar em a\u00e7\u00e3o o plano de retomada das aulas totalmente presenciais na rede estadual.<\/p>\n<p>O governador anunciou que, junto aos planos de retomada das aulas presenciais, pode haver flexibiliza\u00e7\u00e3o nas medidas de restri\u00e7\u00e3o e avalia, nesse conjunto, o retorno do p\u00fablico aos est\u00e1dios de futebol.<\/p>\n<p>De acordo com o \u00faltimo boletim da Secretaria da Sa\u00fade da Bahia (Sesab), divulgado na quarta-feira (29), o estado registrou 570 casos de Covid-19 nas \u00faltimas 24 horas, e tr\u00eas mortes por causa da doen\u00e7a.<\/p>\n<p>Ao todo, a Bahia tem atualmente 2.556 pessoas com o v\u00edrus ativo, segundo o boletim e um total de 1.233.244 casos confirmados desde o in\u00edcio da pandemia.<\/p>\n","protected":false},"excerpt":{"rendered":"<p>O governador Rui Costa (PT) anunciou nesta quinta-feira (30) que o retorno das aulas 100% presenciais foi adiado na Bahia por causa do aumento de casos ativos de Covid-19, registrado no estado nos \u00faltimos dias. Os planos de retomada estavam previstos para o m\u00eas de outubro. \u201cOs n\u00fameros vinham caindo. Ca\u00edram at\u00e9 dois mil casos [&hellip;]<\/p>\n","protected":false},"author":2,"featured_media":97344,"comment_status":"open","ping_status":"open","sticky":false,"template":"","format":"standard","meta":{"footnotes":"","_links_to":"","_links_to_target":""},"categories":[1],"tags":[],"class_list":["post-97343","post","type-post","status-publish","format-standard","has-post-thumbnail","hentry","category-geral"],"views":811,"_links":{"self":[{"href":"https:\/\/www.sudoestehoje.com.br\/novoportal\/wp-json\/wp\/v2\/posts\/97343","targetHints":{"allow":["GET"]}}],"collection":[{"href":"https:\/\/www.sudoestehoje.com.br\/novoportal\/wp-json\/wp\/v2\/posts"}],"about":[{"href":"https:\/\/www.sudoestehoje.com.br\/novoportal\/wp-json\/wp\/v2\/types\/post"}],"author":[{"embeddable":true,"href":"https:\/\/www.sudoestehoje.com.br\/novoportal\/wp-json\/wp\/v2\/users\/2"}],"replies":[{"embeddable":true,"href":"https:\/\/www.sudoestehoje.com.br\/novoportal\/wp-json\/wp\/v2\/comments?post=97343"}],"version-history":[{"count":1,"href":"https:\/\/www.sudoestehoje.com.br\/novoportal\/wp-json\/wp\/v2\/posts\/97343\/revisions"}],"predecessor-version":[{"id":97345,"href":"https:\/\/www.sudoestehoje.com.br\/novoportal\/wp-json\/wp\/v2\/posts\/97343\/revisions\/97345"}],"wp:featuredmedia":[{"embeddable":true,"href":"https:\/\/www.sudoestehoje.com.br\/novoportal\/wp-json\/wp\/v2\/media\/97344"}],"wp:attachment":[{"href":"https:\/\/www.sudoestehoje.com.br\/novoportal\/wp-json\/wp\/v2\/media?parent=97343"}],"wp:term":[{"taxonomy":"category","embeddable":true,"href":"https:\/\/www.sudoestehoje.com.br\/novoportal\/wp-json\/wp\/v2\/categories?post=97343"},{"taxonomy":"post_tag","embeddable":true,"href":"https:\/\/www.sudoestehoje.com.br\/novoportal\/wp-json\/wp\/v2\/tags?post=97343"}],"curies":[{"name":"wp","href":"https:\/\/api.w.org\/{rel}","templated":true}]}}