
{"id":97340,"date":"2021-09-30T09:30:03","date_gmt":"2021-09-30T12:30:03","guid":{"rendered":"https:\/\/www.sudoestehoje.com.br\/novoportal\/?p=97340"},"modified":"2021-09-30T09:34:49","modified_gmt":"2021-09-30T12:34:49","slug":"dem-e-psl-vao-formar-o-uniao-brasil-e-adotar-o-numero-44-diz-site","status":"publish","type":"post","link":"https:\/\/www.sudoestehoje.com.br\/novoportal\/2021\/09\/30\/dem-e-psl-vao-formar-o-uniao-brasil-e-adotar-o-numero-44-diz-site\/","title":{"rendered":"DEM E PSL V\u00c3O FORMAR O &#8220;UNI\u00c3O BRASIL&#8221; E ADOTAR O N\u00daMERO 44, DIZ SITE"},"content":{"rendered":"<p><a href=\"https:\/\/www.sudoestehoje.com.br\/novoportal\/wp-content\/uploads\/2021\/09\/neto-e-bivar-1000x530-1.jpg\"><img loading=\"lazy\" decoding=\"async\" class=\"aligncenter size-medium wp-image-97341\" src=\"https:\/\/www.sudoestehoje.com.br\/novoportal\/wp-content\/uploads\/2021\/09\/neto-e-bivar-1000x530-1-500x265.jpg\" alt=\"\" width=\"500\" height=\"265\" srcset=\"https:\/\/www.sudoestehoje.com.br\/novoportal\/wp-content\/uploads\/2021\/09\/neto-e-bivar-1000x530-1-500x265.jpg 500w, https:\/\/www.sudoestehoje.com.br\/novoportal\/wp-content\/uploads\/2021\/09\/neto-e-bivar-1000x530-1-700x371.jpg 700w, https:\/\/www.sudoestehoje.com.br\/novoportal\/wp-content\/uploads\/2021\/09\/neto-e-bivar-1000x530-1-768x407.jpg 768w, https:\/\/www.sudoestehoje.com.br\/novoportal\/wp-content\/uploads\/2021\/09\/neto-e-bivar-1000x530-1.jpg 1000w\" sizes=\"auto, (max-width: 500px) 100vw, 500px\" \/><\/a><\/p>\n<p>Dirigentes do DEM e do PSL definiram o novo nome do super partido fruto dessa fus\u00e3o e o n\u00famero que estar\u00e1 na urna em 2022. A informa\u00e7\u00e3o \u00e9 do site <em>O Antagonista.<\/em><\/p>\n<p><strong>Uni\u00e3o Brasil<\/strong> foi o nome escolhido. Segundo o site, a decis\u00e3o foi confirmada junto a integrantes da c\u00fapula das duas legendas, que marcaram conven\u00e7\u00e3o conjunta para formalizar o acordo na pr\u00f3xima semana.<\/p>\n<p>Sobre o n\u00famero, de acordo com a publica\u00e7\u00e3o, foram consideradas v\u00e1rias possibilidades, como 17 (atual do PSL), 25 (atual do DEM), e ainda 88, 66, 60, 21 e, finalmente, <strong>o 44 (escolhido)<\/strong>.<\/p>\n<p>A logo do novo partido deve ter as cores azul, verde e amarela e elementos da bandeira nacional.<\/p>\n","protected":false},"excerpt":{"rendered":"<p>Dirigentes do DEM e do PSL definiram o novo nome do super partido fruto dessa fus\u00e3o e o n\u00famero que estar\u00e1 na urna em 2022. A informa\u00e7\u00e3o \u00e9 do site O Antagonista. Uni\u00e3o Brasil foi o nome escolhido. Segundo o site, a decis\u00e3o foi confirmada junto a integrantes da c\u00fapula das duas legendas, que marcaram [&hellip;]<\/p>\n","protected":false},"author":2,"featured_media":97341,"comment_status":"open","ping_status":"open","sticky":false,"template":"","format":"standard","meta":{"footnotes":"","_links_to":"","_links_to_target":""},"categories":[1],"tags":[],"class_list":["post-97340","post","type-post","status-publish","format-standard","has-post-thumbnail","hentry","category-geral"],"views":745,"_links":{"self":[{"href":"https:\/\/www.sudoestehoje.com.br\/novoportal\/wp-json\/wp\/v2\/posts\/97340","targetHints":{"allow":["GET"]}}],"collection":[{"href":"https:\/\/www.sudoestehoje.com.br\/novoportal\/wp-json\/wp\/v2\/posts"}],"about":[{"href":"https:\/\/www.sudoestehoje.com.br\/novoportal\/wp-json\/wp\/v2\/types\/post"}],"author":[{"embeddable":true,"href":"https:\/\/www.sudoestehoje.com.br\/novoportal\/wp-json\/wp\/v2\/users\/2"}],"replies":[{"embeddable":true,"href":"https:\/\/www.sudoestehoje.com.br\/novoportal\/wp-json\/wp\/v2\/comments?post=97340"}],"version-history":[{"count":1,"href":"https:\/\/www.sudoestehoje.com.br\/novoportal\/wp-json\/wp\/v2\/posts\/97340\/revisions"}],"predecessor-version":[{"id":97342,"href":"https:\/\/www.sudoestehoje.com.br\/novoportal\/wp-json\/wp\/v2\/posts\/97340\/revisions\/97342"}],"wp:featuredmedia":[{"embeddable":true,"href":"https:\/\/www.sudoestehoje.com.br\/novoportal\/wp-json\/wp\/v2\/media\/97341"}],"wp:attachment":[{"href":"https:\/\/www.sudoestehoje.com.br\/novoportal\/wp-json\/wp\/v2\/media?parent=97340"}],"wp:term":[{"taxonomy":"category","embeddable":true,"href":"https:\/\/www.sudoestehoje.com.br\/novoportal\/wp-json\/wp\/v2\/categories?post=97340"},{"taxonomy":"post_tag","embeddable":true,"href":"https:\/\/www.sudoestehoje.com.br\/novoportal\/wp-json\/wp\/v2\/tags?post=97340"}],"curies":[{"name":"wp","href":"https:\/\/api.w.org\/{rel}","templated":true}]}}