
{"id":97331,"date":"2021-09-30T08:35:00","date_gmt":"2021-09-30T11:35:00","guid":{"rendered":"https:\/\/www.sudoestehoje.com.br\/novoportal\/?p=97331"},"modified":"2021-10-01T22:11:40","modified_gmt":"2021-10-02T01:11:40","slug":"carreta-com-toras-de-madeira-causa-acidente-na-br-101-com-12-mortos","status":"publish","type":"post","link":"https:\/\/www.sudoestehoje.com.br\/novoportal\/2021\/09\/30\/carreta-com-toras-de-madeira-causa-acidente-na-br-101-com-12-mortos\/","title":{"rendered":"CARRETA COM TORAS DE MADEIRA CAUSA ACIDENTE NA BR-101 COM 12 MORTOS"},"content":{"rendered":"<p><a href=\"https:\/\/www.sudoestehoje.com.br\/novoportal\/wp-content\/uploads\/2021\/09\/csm_acidenteeunapolis_fd8b383555.jpg\"><img loading=\"lazy\" decoding=\"async\" class=\"aligncenter size-medium wp-image-97332\" src=\"https:\/\/www.sudoestehoje.com.br\/novoportal\/wp-content\/uploads\/2021\/09\/csm_acidenteeunapolis_fd8b383555-500x375.jpg\" alt=\"\" width=\"500\" height=\"375\" srcset=\"https:\/\/www.sudoestehoje.com.br\/novoportal\/wp-content\/uploads\/2021\/09\/csm_acidenteeunapolis_fd8b383555-500x375.jpg 500w, https:\/\/www.sudoestehoje.com.br\/novoportal\/wp-content\/uploads\/2021\/09\/csm_acidenteeunapolis_fd8b383555-700x525.jpg 700w, https:\/\/www.sudoestehoje.com.br\/novoportal\/wp-content\/uploads\/2021\/09\/csm_acidenteeunapolis_fd8b383555-768x576.jpg 768w, https:\/\/www.sudoestehoje.com.br\/novoportal\/wp-content\/uploads\/2021\/09\/csm_acidenteeunapolis_fd8b383555.jpg 940w\" sizes=\"auto, (max-width: 500px) 100vw, 500px\" \/><\/a><\/p>\n<p>Um acidente envolvendo um caminh\u00e3o que carregava eucalipto, um \u00f4nibus da Rota e uma van deixou pelo menos 12 mortos e outras pessoas feridas, na noite desta quarta-feira (29), na BR-101. \u00a0O acidente aconteceu em trecho da cidade de Eun\u00e1polis, no sul da Bahia.<\/p>\n<p><a href=\"https:\/\/www.sudoestehoje.com.br\/novoportal\/wp-content\/uploads\/2021\/09\/van.jpg\"><img loading=\"lazy\" decoding=\"async\" class=\"aligncenter wp-image-97337\" src=\"https:\/\/www.sudoestehoje.com.br\/novoportal\/wp-content\/uploads\/2021\/09\/van.jpg\" alt=\"\" width=\"538\" height=\"270\" \/><\/a><\/p>\n<p>Segundo informa\u00e7\u00f5es da Pol\u00edcia Rodovi\u00e1ria Federal (PRF), o acidente ocorreu por volta das 20h30, no KM 703. Equipes do \u00f3rg\u00e3o, do Servi\u00e7o de Atendimento M\u00f3vel de Urg\u00eancia (Samu) e do Corpo de Bombeiros estiveram no local.<\/p>\n<p><a href=\"https:\/\/www.sudoestehoje.com.br\/novoportal\/wp-content\/uploads\/2021\/09\/MOTORISTA.jpeg\"><img loading=\"lazy\" decoding=\"async\" class=\"aligncenter size-medium wp-image-97335\" src=\"https:\/\/www.sudoestehoje.com.br\/novoportal\/wp-content\/uploads\/2021\/09\/MOTORISTA-500x440.jpeg\" alt=\"\" width=\"500\" height=\"440\" srcset=\"https:\/\/www.sudoestehoje.com.br\/novoportal\/wp-content\/uploads\/2021\/09\/MOTORISTA-500x440.jpeg 500w, https:\/\/www.sudoestehoje.com.br\/novoportal\/wp-content\/uploads\/2021\/09\/MOTORISTA-700x615.jpeg 700w, https:\/\/www.sudoestehoje.com.br\/novoportal\/wp-content\/uploads\/2021\/09\/MOTORISTA-768x675.jpeg 768w, https:\/\/www.sudoestehoje.com.br\/novoportal\/wp-content\/uploads\/2021\/09\/MOTORISTA.jpeg 1000w\" sizes=\"auto, (max-width: 500px) 100vw, 500px\" \/><\/a><\/p>\n<p>Segundo informa\u00e7\u00f5es da PRF, o motorista do caminh\u00e3o viajava sentido Itabuna, quando na altura de Mundo Novo, em uma curva, o reboque traseiro do ve\u00edculo tombou e se soltou e atingiu um \u00f4nibus e uma van, que estavam no outro sentido.<\/p>\n<p><a href=\"https:\/\/www.sudoestehoje.com.br\/novoportal\/wp-content\/uploads\/2021\/09\/rota.jpg\"><img loading=\"lazy\" decoding=\"async\" class=\"aligncenter size-medium wp-image-97338\" src=\"https:\/\/www.sudoestehoje.com.br\/novoportal\/wp-content\/uploads\/2021\/09\/rota-500x282.jpg\" alt=\"\" width=\"500\" height=\"282\" srcset=\"https:\/\/www.sudoestehoje.com.br\/novoportal\/wp-content\/uploads\/2021\/09\/rota-500x282.jpg 500w, https:\/\/www.sudoestehoje.com.br\/novoportal\/wp-content\/uploads\/2021\/09\/rota-700x394.jpg 700w, https:\/\/www.sudoestehoje.com.br\/novoportal\/wp-content\/uploads\/2021\/09\/rota-768x432.jpg 768w, https:\/\/www.sudoestehoje.com.br\/novoportal\/wp-content\/uploads\/2021\/09\/rota.jpg 1000w\" sizes=\"auto, (max-width: 500px) 100vw, 500px\" \/><\/a><\/p>\n<p>Por causa do acidente, a pista precisou ser interditada nos dois sentidos. Os trabalhos de socorro \u00e0s v\u00edtimas causaram engarrafamento no local.<\/p>\n","protected":false},"excerpt":{"rendered":"<p>Um acidente envolvendo um caminh\u00e3o que carregava eucalipto, um \u00f4nibus da Rota e uma van deixou pelo menos 12 mortos e outras pessoas feridas, na noite desta quarta-feira (29), na BR-101. \u00a0O acidente aconteceu em trecho da cidade de Eun\u00e1polis, no sul da Bahia. Segundo informa\u00e7\u00f5es da Pol\u00edcia Rodovi\u00e1ria Federal (PRF), o acidente ocorreu por [&hellip;]<\/p>\n","protected":false},"author":2,"featured_media":97332,"comment_status":"open","ping_status":"open","sticky":false,"template":"","format":"standard","meta":{"footnotes":"","_links_to":"","_links_to_target":""},"categories":[1],"tags":[],"class_list":["post-97331","post","type-post","status-publish","format-standard","has-post-thumbnail","hentry","category-geral"],"views":1176,"_links":{"self":[{"href":"https:\/\/www.sudoestehoje.com.br\/novoportal\/wp-json\/wp\/v2\/posts\/97331","targetHints":{"allow":["GET"]}}],"collection":[{"href":"https:\/\/www.sudoestehoje.com.br\/novoportal\/wp-json\/wp\/v2\/posts"}],"about":[{"href":"https:\/\/www.sudoestehoje.com.br\/novoportal\/wp-json\/wp\/v2\/types\/post"}],"author":[{"embeddable":true,"href":"https:\/\/www.sudoestehoje.com.br\/novoportal\/wp-json\/wp\/v2\/users\/2"}],"replies":[{"embeddable":true,"href":"https:\/\/www.sudoestehoje.com.br\/novoportal\/wp-json\/wp\/v2\/comments?post=97331"}],"version-history":[{"count":5,"href":"https:\/\/www.sudoestehoje.com.br\/novoportal\/wp-json\/wp\/v2\/posts\/97331\/revisions"}],"predecessor-version":[{"id":97362,"href":"https:\/\/www.sudoestehoje.com.br\/novoportal\/wp-json\/wp\/v2\/posts\/97331\/revisions\/97362"}],"wp:featuredmedia":[{"embeddable":true,"href":"https:\/\/www.sudoestehoje.com.br\/novoportal\/wp-json\/wp\/v2\/media\/97332"}],"wp:attachment":[{"href":"https:\/\/www.sudoestehoje.com.br\/novoportal\/wp-json\/wp\/v2\/media?parent=97331"}],"wp:term":[{"taxonomy":"category","embeddable":true,"href":"https:\/\/www.sudoestehoje.com.br\/novoportal\/wp-json\/wp\/v2\/categories?post=97331"},{"taxonomy":"post_tag","embeddable":true,"href":"https:\/\/www.sudoestehoje.com.br\/novoportal\/wp-json\/wp\/v2\/tags?post=97331"}],"curies":[{"name":"wp","href":"https:\/\/api.w.org\/{rel}","templated":true}]}}