
{"id":97321,"date":"2021-09-29T22:27:07","date_gmt":"2021-09-30T01:27:07","guid":{"rendered":"https:\/\/www.sudoestehoje.com.br\/novoportal\/?p=97321"},"modified":"2021-09-29T22:27:07","modified_gmt":"2021-09-30T01:27:07","slug":"itapetinga-pedro-tavares-pede-que-governo-do-estado-melhore-estradas-da-regiao","status":"publish","type":"post","link":"https:\/\/www.sudoestehoje.com.br\/novoportal\/2021\/09\/29\/itapetinga-pedro-tavares-pede-que-governo-do-estado-melhore-estradas-da-regiao\/","title":{"rendered":"ITAPETINGA: PEDRO TAVARES PEDE QUE GOVERNO DO ESTADO MELHORE ESTRADAS DA REGI\u00c3O"},"content":{"rendered":"<p><a href=\"https:\/\/www.sudoestehoje.com.br\/novoportal\/wp-content\/uploads\/2021\/09\/Pedro-Tavares-1-1.jpg\"><img loading=\"lazy\" decoding=\"async\" class=\"aligncenter size-medium wp-image-97323\" src=\"https:\/\/www.sudoestehoje.com.br\/novoportal\/wp-content\/uploads\/2021\/09\/Pedro-Tavares-1-1-500x281.jpg\" alt=\"\" width=\"500\" height=\"281\" srcset=\"https:\/\/www.sudoestehoje.com.br\/novoportal\/wp-content\/uploads\/2021\/09\/Pedro-Tavares-1-1-500x281.jpg 500w, https:\/\/www.sudoestehoje.com.br\/novoportal\/wp-content\/uploads\/2021\/09\/Pedro-Tavares-1-1-700x394.jpg 700w, https:\/\/www.sudoestehoje.com.br\/novoportal\/wp-content\/uploads\/2021\/09\/Pedro-Tavares-1-1-768x432.jpg 768w, https:\/\/www.sudoestehoje.com.br\/novoportal\/wp-content\/uploads\/2021\/09\/Pedro-Tavares-1-1.jpg 800w\" sizes=\"auto, (max-width: 500px) 100vw, 500px\" \/><\/a><\/p>\n<p>Defendendo os interesses de Itapetinga no Parlamento Estadual, o deputado destacou algumas solicita\u00e7\u00f5es para o munic\u00edpio, a exemplo da necessidade de melhorias nas estradas da regi\u00e3o.<\/p>\n<p>\u201c\u00c9 dif\u00edcil a situa\u00e7\u00e3o das estradas da regi\u00e3o de Itapetinga. O Governo precisa ter a sensibilidade de melhorar as BAs que cortam a regi\u00e3o. S\u00e3o prec\u00e1rias as condi\u00e7\u00f5es da BA-263 entre Itapetinga e Itamb\u00e9, da BA-270 que liga at\u00e9 Maracarani e tamb\u00e9m Itapetinga at\u00e9 Potiragu\u00e1.<\/p>\n<p><a href=\"https:\/\/www.sudoestehoje.com.br\/novoportal\/wp-content\/uploads\/2021\/09\/ba-263.jpg\"><img loading=\"lazy\" decoding=\"async\" class=\"aligncenter size-medium wp-image-97324\" src=\"https:\/\/www.sudoestehoje.com.br\/novoportal\/wp-content\/uploads\/2021\/09\/ba-263-500x375.jpg\" alt=\"\" width=\"500\" height=\"375\" srcset=\"https:\/\/www.sudoestehoje.com.br\/novoportal\/wp-content\/uploads\/2021\/09\/ba-263-500x375.jpg 500w, https:\/\/www.sudoestehoje.com.br\/novoportal\/wp-content\/uploads\/2021\/09\/ba-263-700x525.jpg 700w, https:\/\/www.sudoestehoje.com.br\/novoportal\/wp-content\/uploads\/2021\/09\/ba-263-768x576.jpg 768w, https:\/\/www.sudoestehoje.com.br\/novoportal\/wp-content\/uploads\/2021\/09\/ba-263.jpg 960w\" sizes=\"auto, (max-width: 500px) 100vw, 500px\" \/><\/a><\/p>\n<p>Todas essas estradas est\u00e3o esburacadas, precisando passar por requalifica\u00e7\u00e3o. Itapetinga e regi\u00e3o podem contar com a nossa voz e o nosso trabalho a fim de solicitar a\u00e7\u00f5es para o munic\u00edpio\u201d, afirmou.<\/p>\n","protected":false},"excerpt":{"rendered":"<p>Defendendo os interesses de Itapetinga no Parlamento Estadual, o deputado destacou algumas solicita\u00e7\u00f5es para o munic\u00edpio, a exemplo da necessidade de melhorias nas estradas da regi\u00e3o. \u201c\u00c9 dif\u00edcil a situa\u00e7\u00e3o das estradas da regi\u00e3o de Itapetinga. O Governo precisa ter a sensibilidade de melhorar as BAs que cortam a regi\u00e3o. S\u00e3o prec\u00e1rias as condi\u00e7\u00f5es da [&hellip;]<\/p>\n","protected":false},"author":2,"featured_media":97323,"comment_status":"open","ping_status":"open","sticky":false,"template":"","format":"standard","meta":{"footnotes":"","_links_to":"","_links_to_target":""},"categories":[1],"tags":[],"class_list":["post-97321","post","type-post","status-publish","format-standard","has-post-thumbnail","hentry","category-geral"],"views":759,"_links":{"self":[{"href":"https:\/\/www.sudoestehoje.com.br\/novoportal\/wp-json\/wp\/v2\/posts\/97321","targetHints":{"allow":["GET"]}}],"collection":[{"href":"https:\/\/www.sudoestehoje.com.br\/novoportal\/wp-json\/wp\/v2\/posts"}],"about":[{"href":"https:\/\/www.sudoestehoje.com.br\/novoportal\/wp-json\/wp\/v2\/types\/post"}],"author":[{"embeddable":true,"href":"https:\/\/www.sudoestehoje.com.br\/novoportal\/wp-json\/wp\/v2\/users\/2"}],"replies":[{"embeddable":true,"href":"https:\/\/www.sudoestehoje.com.br\/novoportal\/wp-json\/wp\/v2\/comments?post=97321"}],"version-history":[{"count":2,"href":"https:\/\/www.sudoestehoje.com.br\/novoportal\/wp-json\/wp\/v2\/posts\/97321\/revisions"}],"predecessor-version":[{"id":97325,"href":"https:\/\/www.sudoestehoje.com.br\/novoportal\/wp-json\/wp\/v2\/posts\/97321\/revisions\/97325"}],"wp:featuredmedia":[{"embeddable":true,"href":"https:\/\/www.sudoestehoje.com.br\/novoportal\/wp-json\/wp\/v2\/media\/97323"}],"wp:attachment":[{"href":"https:\/\/www.sudoestehoje.com.br\/novoportal\/wp-json\/wp\/v2\/media?parent=97321"}],"wp:term":[{"taxonomy":"category","embeddable":true,"href":"https:\/\/www.sudoestehoje.com.br\/novoportal\/wp-json\/wp\/v2\/categories?post=97321"},{"taxonomy":"post_tag","embeddable":true,"href":"https:\/\/www.sudoestehoje.com.br\/novoportal\/wp-json\/wp\/v2\/tags?post=97321"}],"curies":[{"name":"wp","href":"https:\/\/api.w.org\/{rel}","templated":true}]}}