
{"id":97316,"date":"2021-09-29T22:09:10","date_gmt":"2021-09-30T01:09:10","guid":{"rendered":"https:\/\/www.sudoestehoje.com.br\/novoportal\/?p=97316"},"modified":"2021-09-29T22:09:53","modified_gmt":"2021-09-30T01:09:53","slug":"apos-reajuste-da-ambev-heineken-nega-que-aumentara-preco-da-cerveja","status":"publish","type":"post","link":"https:\/\/www.sudoestehoje.com.br\/novoportal\/2021\/09\/29\/apos-reajuste-da-ambev-heineken-nega-que-aumentara-preco-da-cerveja\/","title":{"rendered":"AP\u00d3S REAJUSTE DA AMBEV, HEINEKEN NEGA QUE AUMENTAR\u00c1 PRE\u00c7O DA CERVEJA"},"content":{"rendered":"<p><a href=\"https:\/\/www.sudoestehoje.com.br\/novoportal\/wp-content\/uploads\/2021\/09\/heineken-1.jpg\"><img loading=\"lazy\" decoding=\"async\" class=\"aligncenter size-medium wp-image-97317\" src=\"https:\/\/www.sudoestehoje.com.br\/novoportal\/wp-content\/uploads\/2021\/09\/heineken-1-500x333.jpg\" alt=\"\" width=\"500\" height=\"333\" srcset=\"https:\/\/www.sudoestehoje.com.br\/novoportal\/wp-content\/uploads\/2021\/09\/heineken-1-500x333.jpg 500w, https:\/\/www.sudoestehoje.com.br\/novoportal\/wp-content\/uploads\/2021\/09\/heineken-1-700x467.jpg 700w, https:\/\/www.sudoestehoje.com.br\/novoportal\/wp-content\/uploads\/2021\/09\/heineken-1-768x512.jpg 768w, https:\/\/www.sudoestehoje.com.br\/novoportal\/wp-content\/uploads\/2021\/09\/heineken-1.jpg 1024w\" sizes=\"auto, (max-width: 500px) 100vw, 500px\" \/><\/a><\/p>\n<p>Concorrente direta da Ambev no Brasil, a Heineken afirmou nesta quarta-feira, 29, que n\u00e3o tem previs\u00e3o de novos reajustes de pre\u00e7o no \u00faltimo trimestre de 2021, mesmo com a valoriza\u00e7\u00e3o do d\u00f3lar e o impacto do pre\u00e7o dos combust\u00edveis nos servi\u00e7os log\u00edsticos.<\/p>\n<p>A cervejaria holandesa j\u00e1 efetuou um aumento no pre\u00e7o dos seus produtos anteriormente neste ano, pelas mesmas raz\u00f5es citadas.<\/p>\n<p>Na tarde de hoje, a Ambev, cervejaria dona de marcas como S<strong>kol, Brahma, Antarctica, Bohemia e Stella Artois<\/strong>,\u00a0<a href=\"https:\/\/bahia.ba\/economia\/cerveja-recebe-reajuste-na-fabrica-e-deve-ficar-mais-cara-a-partir-de-sexta-feira\/\" target=\"_blank\" rel=\"noopener noreferrer\">anunciou o aumento do pre\u00e7o de seus produtos<\/a>, repassando-o para lojistas e distribuidores.<\/p>\n<p>De acordo com a empresa ao jornal O Globo, o percentual de reajuste vai variar de acordo com as regi\u00f5es, marca, canal de venda e embalagem. Os novos valores ser\u00e3o praticados j\u00e1 partir desta sexta-feira, 1\u00ba de outubro.<\/p>\n","protected":false},"excerpt":{"rendered":"<p>Concorrente direta da Ambev no Brasil, a Heineken afirmou nesta quarta-feira, 29, que n\u00e3o tem previs\u00e3o de novos reajustes de pre\u00e7o no \u00faltimo trimestre de 2021, mesmo com a valoriza\u00e7\u00e3o do d\u00f3lar e o impacto do pre\u00e7o dos combust\u00edveis nos servi\u00e7os log\u00edsticos. A cervejaria holandesa j\u00e1 efetuou um aumento no pre\u00e7o dos seus produtos anteriormente [&hellip;]<\/p>\n","protected":false},"author":2,"featured_media":97317,"comment_status":"open","ping_status":"open","sticky":false,"template":"","format":"standard","meta":{"footnotes":"","_links_to":"","_links_to_target":""},"categories":[1],"tags":[],"class_list":["post-97316","post","type-post","status-publish","format-standard","has-post-thumbnail","hentry","category-geral"],"views":814,"_links":{"self":[{"href":"https:\/\/www.sudoestehoje.com.br\/novoportal\/wp-json\/wp\/v2\/posts\/97316","targetHints":{"allow":["GET"]}}],"collection":[{"href":"https:\/\/www.sudoestehoje.com.br\/novoportal\/wp-json\/wp\/v2\/posts"}],"about":[{"href":"https:\/\/www.sudoestehoje.com.br\/novoportal\/wp-json\/wp\/v2\/types\/post"}],"author":[{"embeddable":true,"href":"https:\/\/www.sudoestehoje.com.br\/novoportal\/wp-json\/wp\/v2\/users\/2"}],"replies":[{"embeddable":true,"href":"https:\/\/www.sudoestehoje.com.br\/novoportal\/wp-json\/wp\/v2\/comments?post=97316"}],"version-history":[{"count":3,"href":"https:\/\/www.sudoestehoje.com.br\/novoportal\/wp-json\/wp\/v2\/posts\/97316\/revisions"}],"predecessor-version":[{"id":97320,"href":"https:\/\/www.sudoestehoje.com.br\/novoportal\/wp-json\/wp\/v2\/posts\/97316\/revisions\/97320"}],"wp:featuredmedia":[{"embeddable":true,"href":"https:\/\/www.sudoestehoje.com.br\/novoportal\/wp-json\/wp\/v2\/media\/97317"}],"wp:attachment":[{"href":"https:\/\/www.sudoestehoje.com.br\/novoportal\/wp-json\/wp\/v2\/media?parent=97316"}],"wp:term":[{"taxonomy":"category","embeddable":true,"href":"https:\/\/www.sudoestehoje.com.br\/novoportal\/wp-json\/wp\/v2\/categories?post=97316"},{"taxonomy":"post_tag","embeddable":true,"href":"https:\/\/www.sudoestehoje.com.br\/novoportal\/wp-json\/wp\/v2\/tags?post=97316"}],"curies":[{"name":"wp","href":"https:\/\/api.w.org\/{rel}","templated":true}]}}