
{"id":97306,"date":"2021-09-29T20:03:53","date_gmt":"2021-09-29T23:03:53","guid":{"rendered":"https:\/\/www.sudoestehoje.com.br\/novoportal\/?p=97306"},"modified":"2021-09-29T20:03:53","modified_gmt":"2021-09-29T23:03:53","slug":"itapetinga-comercio-tem-expectativa-de-boas-vendas-no-dia-das-criancas","status":"publish","type":"post","link":"https:\/\/www.sudoestehoje.com.br\/novoportal\/2021\/09\/29\/itapetinga-comercio-tem-expectativa-de-boas-vendas-no-dia-das-criancas\/","title":{"rendered":"ITAPETINGA: COM\u00c9RCIO TEM EXPECTATIVA DE BOAS VENDAS NO DIA DAS CRIAN\u00c7AS"},"content":{"rendered":"<p><a href=\"https:\/\/www.sudoestehoje.com.br\/novoportal\/wp-content\/uploads\/2021\/09\/comercio-itapetinga-1-500x375-1.jpeg\"><img loading=\"lazy\" decoding=\"async\" class=\"aligncenter size-full wp-image-97308\" src=\"https:\/\/www.sudoestehoje.com.br\/novoportal\/wp-content\/uploads\/2021\/09\/comercio-itapetinga-1-500x375-1.jpeg\" alt=\"\" width=\"500\" height=\"375\" \/><\/a><\/p>\n<p>Apesar dos impactos da pandemia e do fim do Auxilio Emergencial pelo governo federal, o com\u00e9rcio de Itapetinga tem boas expectativas em rela\u00e7\u00e3o \u00e0s vendas no Dia das Crian\u00e7as, comemorado em 12 de outubro.<\/p>\n<p>De acordo com comerciantes locais, as vendas podem superar as expectativas, porque existe uma demanda reprimida em decorr\u00eancia da crise epidemiol\u00f3gica, que deve ser flexibilizada a partir deste m\u00eas, com a queda dos n\u00fameros de casos e mortes pela Covid-19.<\/p>\n<p><em>&#8220;A pandemia trouxe incertezas e desemprego, mas as pessoas usaram muita criatividade e j\u00e1 est\u00e3o superando a crise.\u00a0 Como n\u00e3o houve festejos de S\u00e3o Jo\u00e3o neste ano, o consumidor sente falta das compras e deve voltar consumir nesta data comemorativa \u00e0s crian\u00e7as, em todo o Brasil&#8221;<\/em>, disse um comerciante local.<\/p>\n<p>O munic\u00edpio de Itapetinga, apesar da crise, tem sido um dos melhores destinos para investimentos no com\u00e9rcio, com instala\u00e7\u00e3o de in\u00fameras lojas e ag\u00eancias banc\u00e1rias, no decorrer deste ano de 2021.<\/p>\n<p><strong><em>Por Davi Ferraz\u00a0<\/em><\/strong><\/p>\n","protected":false},"excerpt":{"rendered":"<p>Apesar dos impactos da pandemia e do fim do Auxilio Emergencial pelo governo federal, o com\u00e9rcio de Itapetinga tem boas expectativas em rela\u00e7\u00e3o \u00e0s vendas no Dia das Crian\u00e7as, comemorado em 12 de outubro. De acordo com comerciantes locais, as vendas podem superar as expectativas, porque existe uma demanda reprimida em decorr\u00eancia da crise epidemiol\u00f3gica, [&hellip;]<\/p>\n","protected":false},"author":2,"featured_media":97308,"comment_status":"open","ping_status":"open","sticky":false,"template":"","format":"standard","meta":{"footnotes":"","_links_to":"","_links_to_target":""},"categories":[1],"tags":[],"class_list":["post-97306","post","type-post","status-publish","format-standard","has-post-thumbnail","hentry","category-geral"],"views":808,"_links":{"self":[{"href":"https:\/\/www.sudoestehoje.com.br\/novoportal\/wp-json\/wp\/v2\/posts\/97306","targetHints":{"allow":["GET"]}}],"collection":[{"href":"https:\/\/www.sudoestehoje.com.br\/novoportal\/wp-json\/wp\/v2\/posts"}],"about":[{"href":"https:\/\/www.sudoestehoje.com.br\/novoportal\/wp-json\/wp\/v2\/types\/post"}],"author":[{"embeddable":true,"href":"https:\/\/www.sudoestehoje.com.br\/novoportal\/wp-json\/wp\/v2\/users\/2"}],"replies":[{"embeddable":true,"href":"https:\/\/www.sudoestehoje.com.br\/novoportal\/wp-json\/wp\/v2\/comments?post=97306"}],"version-history":[{"count":3,"href":"https:\/\/www.sudoestehoje.com.br\/novoportal\/wp-json\/wp\/v2\/posts\/97306\/revisions"}],"predecessor-version":[{"id":97310,"href":"https:\/\/www.sudoestehoje.com.br\/novoportal\/wp-json\/wp\/v2\/posts\/97306\/revisions\/97310"}],"wp:featuredmedia":[{"embeddable":true,"href":"https:\/\/www.sudoestehoje.com.br\/novoportal\/wp-json\/wp\/v2\/media\/97308"}],"wp:attachment":[{"href":"https:\/\/www.sudoestehoje.com.br\/novoportal\/wp-json\/wp\/v2\/media?parent=97306"}],"wp:term":[{"taxonomy":"category","embeddable":true,"href":"https:\/\/www.sudoestehoje.com.br\/novoportal\/wp-json\/wp\/v2\/categories?post=97306"},{"taxonomy":"post_tag","embeddable":true,"href":"https:\/\/www.sudoestehoje.com.br\/novoportal\/wp-json\/wp\/v2\/tags?post=97306"}],"curies":[{"name":"wp","href":"https:\/\/api.w.org\/{rel}","templated":true}]}}