
{"id":97288,"date":"2021-09-28T23:39:34","date_gmt":"2021-09-29T02:39:34","guid":{"rendered":"https:\/\/www.sudoestehoje.com.br\/novoportal\/?p=97288"},"modified":"2021-09-28T23:39:34","modified_gmt":"2021-09-29T02:39:34","slug":"apos-aumento-do-diesel-caminhoneiros-ameacam-fazer-nova-paralizacao","status":"publish","type":"post","link":"https:\/\/www.sudoestehoje.com.br\/novoportal\/2021\/09\/28\/apos-aumento-do-diesel-caminhoneiros-ameacam-fazer-nova-paralizacao\/","title":{"rendered":"AP\u00d3S AUMENTO DO DIESEL, CAMINHONEIROS AMEA\u00c7AM FAZER NOVA PARALIZA\u00c7\u00c3O"},"content":{"rendered":"<p><a href=\"https:\/\/www.sudoestehoje.com.br\/novoportal\/wp-content\/uploads\/2021\/09\/GREVE-CAMINHONEIROS.jpg\"><img loading=\"lazy\" decoding=\"async\" class=\"aligncenter size-medium wp-image-97289\" src=\"https:\/\/www.sudoestehoje.com.br\/novoportal\/wp-content\/uploads\/2021\/09\/GREVE-CAMINHONEIROS-500x333.jpg\" alt=\"\" width=\"500\" height=\"333\" srcset=\"https:\/\/www.sudoestehoje.com.br\/novoportal\/wp-content\/uploads\/2021\/09\/GREVE-CAMINHONEIROS-500x333.jpg 500w, https:\/\/www.sudoestehoje.com.br\/novoportal\/wp-content\/uploads\/2021\/09\/GREVE-CAMINHONEIROS-700x467.jpg 700w, https:\/\/www.sudoestehoje.com.br\/novoportal\/wp-content\/uploads\/2021\/09\/GREVE-CAMINHONEIROS-768x512.jpg 768w, https:\/\/www.sudoestehoje.com.br\/novoportal\/wp-content\/uploads\/2021\/09\/GREVE-CAMINHONEIROS.jpg 1380w\" sizes=\"auto, (max-width: 500px) 100vw, 500px\" \/><\/a><\/p>\n<p>Diante do reajuste do pre\u00e7o do diesel, nesta ter\u00e7a-feira (28\/9), representantes de associa\u00e7\u00f5es de caminhoneiros afirmaram que v\u00e3o debater, no dia 16 de outubro, em reuni\u00e3o no Rio de Janeiro, a possibilidade de uma nova paralisa\u00e7\u00e3o em protesto contra o aumento do combust\u00edvel.<\/p>\n<p>De acordo com Pl\u00ednio Dias, representante do Conselho Nacional do Transporte Rodovi\u00e1rio de Cargas, \u201ctudo indica\u201d que haver\u00e1 uma nova manifesta\u00e7\u00e3o.<\/p>\n<p>\u201cO argumento est\u00e1 muito forte. O pessoal quer que a gente tome uma atitude. Vamos fazer uma reuni\u00e3o no dia 16 agora, no Rio de Janeiro, e, se for decidida uma paralisa\u00e7\u00e3o, vamos fazer\u201d, afirmou \u00e0 reportagem.<\/p>\n","protected":false},"excerpt":{"rendered":"<p>Diante do reajuste do pre\u00e7o do diesel, nesta ter\u00e7a-feira (28\/9), representantes de associa\u00e7\u00f5es de caminhoneiros afirmaram que v\u00e3o debater, no dia 16 de outubro, em reuni\u00e3o no Rio de Janeiro, a possibilidade de uma nova paralisa\u00e7\u00e3o em protesto contra o aumento do combust\u00edvel. De acordo com Pl\u00ednio Dias, representante do Conselho Nacional do Transporte Rodovi\u00e1rio [&hellip;]<\/p>\n","protected":false},"author":2,"featured_media":97289,"comment_status":"open","ping_status":"open","sticky":false,"template":"","format":"standard","meta":{"footnotes":"","_links_to":"","_links_to_target":""},"categories":[1],"tags":[],"class_list":["post-97288","post","type-post","status-publish","format-standard","has-post-thumbnail","hentry","category-geral"],"views":738,"_links":{"self":[{"href":"https:\/\/www.sudoestehoje.com.br\/novoportal\/wp-json\/wp\/v2\/posts\/97288","targetHints":{"allow":["GET"]}}],"collection":[{"href":"https:\/\/www.sudoestehoje.com.br\/novoportal\/wp-json\/wp\/v2\/posts"}],"about":[{"href":"https:\/\/www.sudoestehoje.com.br\/novoportal\/wp-json\/wp\/v2\/types\/post"}],"author":[{"embeddable":true,"href":"https:\/\/www.sudoestehoje.com.br\/novoportal\/wp-json\/wp\/v2\/users\/2"}],"replies":[{"embeddable":true,"href":"https:\/\/www.sudoestehoje.com.br\/novoportal\/wp-json\/wp\/v2\/comments?post=97288"}],"version-history":[{"count":2,"href":"https:\/\/www.sudoestehoje.com.br\/novoportal\/wp-json\/wp\/v2\/posts\/97288\/revisions"}],"predecessor-version":[{"id":97291,"href":"https:\/\/www.sudoestehoje.com.br\/novoportal\/wp-json\/wp\/v2\/posts\/97288\/revisions\/97291"}],"wp:featuredmedia":[{"embeddable":true,"href":"https:\/\/www.sudoestehoje.com.br\/novoportal\/wp-json\/wp\/v2\/media\/97289"}],"wp:attachment":[{"href":"https:\/\/www.sudoestehoje.com.br\/novoportal\/wp-json\/wp\/v2\/media?parent=97288"}],"wp:term":[{"taxonomy":"category","embeddable":true,"href":"https:\/\/www.sudoestehoje.com.br\/novoportal\/wp-json\/wp\/v2\/categories?post=97288"},{"taxonomy":"post_tag","embeddable":true,"href":"https:\/\/www.sudoestehoje.com.br\/novoportal\/wp-json\/wp\/v2\/tags?post=97288"}],"curies":[{"name":"wp","href":"https:\/\/api.w.org\/{rel}","templated":true}]}}